{"id":12419,"date":"2024-07-30T07:54:28","date_gmt":"2024-07-30T07:54:28","guid":{"rendered":"https:\/\/euniv.eu\/?p=12419"},"modified":"2024-07-30T07:54:30","modified_gmt":"2024-07-30T07:54:30","slug":"euniv-and-ateneu-barcelones-start-an-institutional-cooperation-relationship-to-promote-the-language","status":"publish","type":"post","link":"https:\/\/euniv.eu\/en\/euniv-and-ateneu-barcelones-start-an-institutional-cooperation-relationship-to-promote-the-language\/","title":{"rendered":"eUniv and Ateneu Barcelon\u00e8s start an institutional cooperation relationship to promote the language"},"content":{"rendered":"<style>.wp-block-kadence-advancedheading.kt-adv-heading12419_f6a448-b0, .wp-block-kadence-advancedheading.kt-adv-heading12419_f6a448-b0[data-kb-block=\"kb-adv-heading12419_f6a448-b0\"]{font-size:var(--global-kb-font-size-lg, 2rem);font-style:normal;}.wp-block-kadence-advancedheading.kt-adv-heading12419_f6a448-b0 mark.kt-highlight, .wp-block-kadence-advancedheading.kt-adv-heading12419_f6a448-b0[data-kb-block=\"kb-adv-heading12419_f6a448-b0\"] mark.kt-highlight{font-style:normal;color:#f76a0c;-webkit-box-decoration-break:clone;box-decoration-break:clone;padding-top:0px;padding-right:0px;padding-bottom:0px;padding-left:0px;}.wp-block-kadence-advancedheading.kt-adv-heading12419_f6a448-b0 img.kb-inline-image, .wp-block-kadence-advancedheading.kt-adv-heading12419_f6a448-b0[data-kb-block=\"kb-adv-heading12419_f6a448-b0\"] img.kb-inline-image{width:150px;vertical-align:baseline;}<\/style>\n<p class=\"kt-adv-heading12419_f6a448-b0 wp-block-kadence-advancedheading\" data-kb-block=\"kb-adv-heading12419_f6a448-b0\">The agreement includes, among others, the creation of an institutional delegation of the Barcelona University in Sant Juli\u00e0<\/p>\n\n\n\n<p>The <strong><a aria-label=\"European University (opens in a new tab)\" href=\"https:\/\/euniv.eu\/en\/\" target=\"_blank\" rel=\"noreferrer noopener\" class=\"ek-link\">European University<\/a><\/strong> and the <a aria-label=\"Ateneu Barcelon\u00e8s (opens in a new tab)\" href=\"https:\/\/ateneubcn.cat\/\" target=\"_blank\" rel=\"noreferrer noopener\" class=\"ek-link\"><strong>Ateneu Barcelon\u00e8s<\/strong><\/a> reached an <strong>institutional cooperation agreement<\/strong> last June, which marks the beginning of a relationship born with the desire to promote and strengthen the <strong>Catalan language<\/strong> within the area of \u200b\u200bCatalanophony. The rector of the eUniv, Dr. Antoni Noguero, and the president of the Ateneu Barcelon\u00e8s, Isona Passola, signed the agreement which includes several collaborative activities.<\/p>\n\n\n\n<p><strong>&#8220;We are an Andorran university and, as such, it is also our responsibility to defend the use and survival of the language&#8221;, said Dr. Noguero<\/strong>. In the same way, from the Ateneu they pronounce themselves adding that &#8220;this kind of initiatives, which go beyond borders, allow us to feed back with a clear objective; may the language survive&#8221;. The commitment between both entities is clearly reflected in the agreement <strong>to create an institutional delegation of the Ateneu Barcelon\u00e8s at the eUniv headquarters in Sant Juli\u00e0 de L\u00f2ria<\/strong>.<\/p>\n\n\n\n<p>Thus, the agreement also contemplates that both entities collaborate in <strong>the organization of conferences, round tables and presentations, the edition of publications and the organization of training programs<\/strong>. In addition, the collectives of the eUniv and the Ateneu Barcelon\u00e8s will be able to make use of the respective libraries.<\/p>\n\n\n\n<p>The Ateneu Barcelon\u00e8s is an association that has supported Catalan society and culture for more than one hundred and fifty years, with the aim of being one of the main centers of intellectual debate.<\/p>\n\n\n\n<p>Its main objectives are to promote citizen cultural self-education, promote an open, transversal and constructive dialogue with civil society, be a center for the dissemination of national debates and a creative nucleus to promote intellectual activity collective.<\/p>\n\n\n\n<figure class=\"wp-block-gallery has-nested-images columns-default is-cropped wp-block-gallery-1 is-layout-flex wp-block-gallery-is-layout-flex\">\n<figure class=\"wp-block-image size-large\"><img loading=\"lazy\" decoding=\"async\" width=\"1024\" height=\"575\" data-id=\"12413\" src=\"https:\/\/euniv.eu\/wp-content\/uploads\/2024\/07\/Ateneu-Barcelones-1-1-1024x575.jpg\" alt=\"\" class=\"wp-image-12413\" srcset=\"https:\/\/euniv.eu\/wp-content\/uploads\/2024\/07\/Ateneu-Barcelones-1-1-1024x575.jpg 1024w, https:\/\/euniv.eu\/wp-content\/uploads\/2024\/07\/Ateneu-Barcelones-1-1-300x169.jpg 300w, https:\/\/euniv.eu\/wp-content\/uploads\/2024\/07\/Ateneu-Barcelones-1-1-768x431.jpg 768w, https:\/\/euniv.eu\/wp-content\/uploads\/2024\/07\/Ateneu-Barcelones-1-1-500x281.jpg 500w, https:\/\/euniv.eu\/wp-content\/uploads\/2024\/07\/Ateneu-Barcelones-1-1-800x449.jpg 800w, https:\/\/euniv.eu\/wp-content\/uploads\/2024\/07\/Ateneu-Barcelones-1-1.jpg 1200w\" sizes=\"auto, (max-width: 1024px) 100vw, 1024px\" \/><\/figure>\n\n\n\n<figure class=\"wp-block-image size-large\"><img loading=\"lazy\" decoding=\"async\" width=\"1024\" height=\"576\" data-id=\"12410\" src=\"https:\/\/euniv.eu\/wp-content\/uploads\/2024\/07\/Ateneu-barcelones-2-1024x576.webp\" alt=\"\" class=\"wp-image-12410\" srcset=\"https:\/\/euniv.eu\/wp-content\/uploads\/2024\/07\/Ateneu-barcelones-2-1024x576.webp 1024w, https:\/\/euniv.eu\/wp-content\/uploads\/2024\/07\/Ateneu-barcelones-2-300x169.webp 300w, https:\/\/euniv.eu\/wp-content\/uploads\/2024\/07\/Ateneu-barcelones-2-768x432.webp 768w, https:\/\/euniv.eu\/wp-content\/uploads\/2024\/07\/Ateneu-barcelones-2-1536x864.webp 1536w, https:\/\/euniv.eu\/wp-content\/uploads\/2024\/07\/Ateneu-barcelones-2-500x281.webp 500w, https:\/\/euniv.eu\/wp-content\/uploads\/2024\/07\/Ateneu-barcelones-2-800x450.webp 800w, https:\/\/euniv.eu\/wp-content\/uploads\/2024\/07\/Ateneu-barcelones-2-1280x720.webp 1280w, https:\/\/euniv.eu\/wp-content\/uploads\/2024\/07\/Ateneu-barcelones-2-1200x675.webp 1200w, https:\/\/euniv.eu\/wp-content\/uploads\/2024\/07\/Ateneu-barcelones-2-1400x788.webp 1400w, https:\/\/euniv.eu\/wp-content\/uploads\/2024\/07\/Ateneu-barcelones-2.webp 1706w\" sizes=\"auto, (max-width: 1024px) 100vw, 1024px\" \/><\/figure>\n<\/figure>\n","protected":false},"excerpt":{"rendered":"<p>The agreement includes, among others, the creation of an institutional delegation of the Barcelona University in Sant Juli\u00e0<\/p>\n","protected":false},"author":2,"featured_media":12413,"comment_status":"closed","ping_status":"open","sticky":false,"template":"","format":"standard","meta":{"_editorskit_title_hidden":false,"_editorskit_reading_time":0,"_editorskit_is_block_options_detached":false,"_editorskit_block_options_position":"{}","inline_featured_image":false,"footnotes":""},"categories":[38],"tags":[],"class_list":{"0":"post-12419","1":"post","2":"type-post","3":"status-publish","4":"format-standard","5":"has-post-thumbnail","6":"hentry","7":"category-news","9":"with-featured-image"},"featured_image_src":"https:\/\/euniv.eu\/wp-content\/uploads\/2024\/07\/Ateneu-Barcelones-1-1-600x400.jpg","featured_image_src_square":"https:\/\/euniv.eu\/wp-content\/uploads\/2024\/07\/Ateneu-Barcelones-1-1-600x600.jpg","author_info":{"display_name":"admin_euniv","author_link":"https:\/\/euniv.eu\/en\/author\/admin_euniv\/"},"_links":{"self":[{"href":"https:\/\/euniv.eu\/en\/wp-json\/wp\/v2\/posts\/12419","targetHints":{"allow":["GET"]}}],"collection":[{"href":"https:\/\/euniv.eu\/en\/wp-json\/wp\/v2\/posts"}],"about":[{"href":"https:\/\/euniv.eu\/en\/wp-json\/wp\/v2\/types\/post"}],"author":[{"embeddable":true,"href":"https:\/\/euniv.eu\/en\/wp-json\/wp\/v2\/users\/2"}],"replies":[{"embeddable":true,"href":"https:\/\/euniv.eu\/en\/wp-json\/wp\/v2\/comments?post=12419"}],"version-history":[{"count":1,"href":"https:\/\/euniv.eu\/en\/wp-json\/wp\/v2\/posts\/12419\/revisions"}],"predecessor-version":[{"id":12420,"href":"https:\/\/euniv.eu\/en\/wp-json\/wp\/v2\/posts\/12419\/revisions\/12420"}],"wp:featuredmedia":[{"embeddable":true,"href":"https:\/\/euniv.eu\/en\/wp-json\/wp\/v2\/media\/12413"}],"wp:attachment":[{"href":"https:\/\/euniv.eu\/en\/wp-json\/wp\/v2\/media?parent=12419"}],"wp:term":[{"taxonomy":"category","embeddable":true,"href":"https:\/\/euniv.eu\/en\/wp-json\/wp\/v2\/categories?post=12419"},{"taxonomy":"post_tag","embeddable":true,"href":"https:\/\/euniv.eu\/en\/wp-json\/wp\/v2\/tags?post=12419"}],"curies":[{"name":"wp","href":"https:\/\/api.w.org\/{rel}","templated":true}]}}