{"id":20767,"date":"2026-09-01T17:55:13","date_gmt":"2026-09-01T15:55:13","guid":{"rendered":"https:\/\/euniv.eu\/?p=20767"},"modified":"2026-09-01T17:55:14","modified_gmt":"2026-09-01T15:55:14","slug":"universitat-europea-successfully-celebrates-the-graduation-of-its-third-class-before-a-capacity-audience-at-auditori-claror","status":"publish","type":"post","link":"https:\/\/euniv.eu\/en\/universitat-europea-successfully-celebrates-the-graduation-of-its-third-class-before-a-capacity-audience-at-auditori-claror\/","title":{"rendered":"Universitat Europea successfully celebrates the graduation of its third class before a capacity audience at Auditori Claror"},"content":{"rendered":"\n<p class=\"wp-block-paragraph\"><strong>Sant Juli\u00e0 de L\u00f2ria, 19 July 2026.<\/strong> Universitat Europea (eUniv) held the Graduation Ceremony for its third graduating class yesterday evening, bringing together more than 100 students and nearly 400 attendees at the Auditori Claror of the Centre Cultural i de Congressos Lauredi\u00e0, which was filled to capacity. The ceremony, which began at 6.30 p.m., highlighted the consolidation of the university project six years after its establishment in Andorra and brought together students from both the Principat and other parts of the world.<\/p>\n\n\n\n<p class=\"wp-block-paragraph\">The ceremony was presided over by the Rector of Universitat Europea, <strong>Dr. Antoni Noguero<\/strong>, and included the participation of <strong>Dr. Jes\u00fas M. Pruj\u00e0<\/strong>, Chancellor of Universitat Europea; <strong>Mr. Albert Moles<\/strong>, President of Andorra Cluster de la Tecnologia i la Innovaci\u00f3 (ACTINN) and patron of the graduating class; and <strong>Dr. Isaac Galobardes<\/strong>, Director of the Ag\u00e8ncia de Qualitat de l&#8217;Ensenyament Superior d&#8217;Andorra (AQUA), who together formed the presidential panel for the ceremony.<\/p>\n\n\n\n<p class=\"wp-block-paragraph\">One of the most moving moments of the ceremony was the address delivered on behalf of the students by <strong>Ms. Eva Choy<\/strong>, a graduate of the M\u00e0ster en Business Administration (MBA), Director of l&#8217;Escola Andorrana de Sant Juli\u00e0 and former C\u00f2nsol Menor of Ordino, who highlighted the effort, perseverance and shared commitment demonstrated by the students throughout their academic journey.<\/p>\n\n\n\n<p class=\"wp-block-paragraph\">During the ceremony, graduation sashes were presented to the graduates, while doctoral medals were awarded to the two new doctors of Universitat Europea who successfully defended their doctoral theses during this academic year: <strong>Dr. Rodrigo Cabedo<\/strong> and <strong>Dr. \u00c1ngeles Corredor<\/strong>. The ceremony concluded with the traditional official photographs of the graduating class, in an atmosphere of emotion, pride and celebration shared by the entire university community.<\/p>\n\n\n\n<h2 class=\"wp-block-heading\"><strong>A university undergoing strong consolidation<\/strong><\/h2>\n\n\n\n<p class=\"wp-block-paragraph\">Alongside the graduation celebrations, Universitat Europea continues to consolidate its institutional growth. The institution currently offers nearly twenty degree programmes and has already educated more than one hundred graduates, within a community of more than five hundred students who have studied at the university since 2020, both on campus and online.<\/p>\n\n\n\n<p class=\"wp-block-paragraph\">In this regard, the Academic Secretary of Universitat Europea, <strong>Dr. Marc Escol\u00e0<\/strong>, highlighted the institution\u2019s commitment to the country:<\/p>\n\n\n\n<p class=\"wp-block-paragraph\">&#8220;This is an institutional commitment; we are not a company or anything resembling one and, as a result, we have made a significant number of investments in the country. We already have a staff of 92 professors working here.&#8221;<\/p>\n\n\n\n<p class=\"wp-block-paragraph\">Dr. Escol\u00e0 also gave a positive assessment of the legislative reform on higher education being promoted in the Principat:<\/p>\n\n\n\n<p class=\"wp-block-paragraph\">&#8220;The reform that has been presented to the Consell General greatly improves the current situation. And I hope that the subsequent implementation of this law will improve it even further.&#8221;<\/p>\n\n\n\n<p class=\"wp-block-paragraph\">These statements reflect Universitat Europea\u2019s determination to continue contributing to the development of the Andorran university system and to its international positioning.<\/p>\n\n\n\n<p class=\"wp-block-paragraph\">Universitat Europea would like to thank all the academic authorities, institutional representatives, teaching staff, families and friends who joined the new graduates on such a special occasion, as well as the students from Andorra and different countries around the world who have placed their trust in the institution by choosing it to pursue their educational goals.<\/p>\n\n\n\n<p class=\"wp-block-paragraph\">The celebration of this third graduating class represents another step in the consolidation of Universitat Europea as a higher education institution committed to academic excellence, internationalisation and service to the country.<\/p>\n\n\n\n<figure class=\"wp-block-gallery has-nested-images columns-default is-cropped wp-block-gallery-1 is-layout-flex wp-block-gallery-is-layout-flex\">\n<figure class=\"wp-block-image size-large\"><img loading=\"lazy\" decoding=\"async\" width=\"1024\" height=\"683\" data-id=\"20759\" src=\"https:\/\/euniv.eu\/wp-content\/uploads\/2026\/09\/260718-Graduatio_26-L-258-1024x683.jpg\" alt=\"\" class=\"wp-image-20759\" srcset=\"https:\/\/euniv.eu\/wp-content\/uploads\/2026\/09\/260718-Graduatio_26-L-258-1024x683.jpg 1024w, https:\/\/euniv.eu\/wp-content\/uploads\/2026\/09\/260718-Graduatio_26-L-258-300x200.jpg 300w, https:\/\/euniv.eu\/wp-content\/uploads\/2026\/09\/260718-Graduatio_26-L-258-768x512.jpg 768w, https:\/\/euniv.eu\/wp-content\/uploads\/2026\/09\/260718-Graduatio_26-L-258-1536x1024.jpg 1536w, https:\/\/euniv.eu\/wp-content\/uploads\/2026\/09\/260718-Graduatio_26-L-258-2048x1365.jpg 2048w, https:\/\/euniv.eu\/wp-content\/uploads\/2026\/09\/260718-Graduatio_26-L-258-600x400.jpg 600w, https:\/\/euniv.eu\/wp-content\/uploads\/2026\/09\/260718-Graduatio_26-L-258-1200x800.jpg 1200w, https:\/\/euniv.eu\/wp-content\/uploads\/2026\/09\/260718-Graduatio_26-L-258-1400x933.jpg 1400w\" sizes=\"auto, (max-width: 1024px) 100vw, 1024px\" \/><\/figure>\n\n\n\n<figure class=\"wp-block-image size-large\"><img loading=\"lazy\" decoding=\"async\" width=\"1024\" height=\"683\" data-id=\"20760\" src=\"https:\/\/euniv.eu\/wp-content\/uploads\/2026\/09\/260718-Graduatio_26-L-256-1024x683.jpg\" alt=\"\" class=\"wp-image-20760\" srcset=\"https:\/\/euniv.eu\/wp-content\/uploads\/2026\/09\/260718-Graduatio_26-L-256-1024x683.jpg 1024w, https:\/\/euniv.eu\/wp-content\/uploads\/2026\/09\/260718-Graduatio_26-L-256-300x200.jpg 300w, https:\/\/euniv.eu\/wp-content\/uploads\/2026\/09\/260718-Graduatio_26-L-256-768x512.jpg 768w, https:\/\/euniv.eu\/wp-content\/uploads\/2026\/09\/260718-Graduatio_26-L-256-1536x1024.jpg 1536w, https:\/\/euniv.eu\/wp-content\/uploads\/2026\/09\/260718-Graduatio_26-L-256-2048x1365.jpg 2048w, https:\/\/euniv.eu\/wp-content\/uploads\/2026\/09\/260718-Graduatio_26-L-256-600x400.jpg 600w, https:\/\/euniv.eu\/wp-content\/uploads\/2026\/09\/260718-Graduatio_26-L-256-1200x800.jpg 1200w, https:\/\/euniv.eu\/wp-content\/uploads\/2026\/09\/260718-Graduatio_26-L-256-1400x933.jpg 1400w\" sizes=\"auto, (max-width: 1024px) 100vw, 1024px\" \/><\/figure>\n\n\n\n<figure class=\"wp-block-image size-large\"><img loading=\"lazy\" decoding=\"async\" width=\"1024\" height=\"683\" data-id=\"20761\" src=\"https:\/\/euniv.eu\/wp-content\/uploads\/2026\/09\/260718-Graduatio_26-L-244-1024x683.jpg\" alt=\"\" class=\"wp-image-20761\" srcset=\"https:\/\/euniv.eu\/wp-content\/uploads\/2026\/09\/260718-Graduatio_26-L-244-1024x683.jpg 1024w, https:\/\/euniv.eu\/wp-content\/uploads\/2026\/09\/260718-Graduatio_26-L-244-300x200.jpg 300w, https:\/\/euniv.eu\/wp-content\/uploads\/2026\/09\/260718-Graduatio_26-L-244-768x512.jpg 768w, https:\/\/euniv.eu\/wp-content\/uploads\/2026\/09\/260718-Graduatio_26-L-244-1536x1024.jpg 1536w, https:\/\/euniv.eu\/wp-content\/uploads\/2026\/09\/260718-Graduatio_26-L-244-2048x1365.jpg 2048w, https:\/\/euniv.eu\/wp-content\/uploads\/2026\/09\/260718-Graduatio_26-L-244-600x400.jpg 600w, https:\/\/euniv.eu\/wp-content\/uploads\/2026\/09\/260718-Graduatio_26-L-244-1200x800.jpg 1200w, https:\/\/euniv.eu\/wp-content\/uploads\/2026\/09\/260718-Graduatio_26-L-244-1400x933.jpg 1400w\" sizes=\"auto, (max-width: 1024px) 100vw, 1024px\" \/><\/figure>\n\n\n\n<figure class=\"wp-block-image size-large\"><img loading=\"lazy\" decoding=\"async\" width=\"1024\" height=\"683\" data-id=\"20762\" src=\"https:\/\/euniv.eu\/wp-content\/uploads\/2026\/09\/260718-Graduatio_26-L-164-1024x683.jpg\" alt=\"\" class=\"wp-image-20762\" srcset=\"https:\/\/euniv.eu\/wp-content\/uploads\/2026\/09\/260718-Graduatio_26-L-164-1024x683.jpg 1024w, https:\/\/euniv.eu\/wp-content\/uploads\/2026\/09\/260718-Graduatio_26-L-164-300x200.jpg 300w, https:\/\/euniv.eu\/wp-content\/uploads\/2026\/09\/260718-Graduatio_26-L-164-768x512.jpg 768w, https:\/\/euniv.eu\/wp-content\/uploads\/2026\/09\/260718-Graduatio_26-L-164-1536x1024.jpg 1536w, https:\/\/euniv.eu\/wp-content\/uploads\/2026\/09\/260718-Graduatio_26-L-164-2048x1365.jpg 2048w, https:\/\/euniv.eu\/wp-content\/uploads\/2026\/09\/260718-Graduatio_26-L-164-600x400.jpg 600w, https:\/\/euniv.eu\/wp-content\/uploads\/2026\/09\/260718-Graduatio_26-L-164-1200x800.jpg 1200w, https:\/\/euniv.eu\/wp-content\/uploads\/2026\/09\/260718-Graduatio_26-L-164-1400x933.jpg 1400w\" sizes=\"auto, (max-width: 1024px) 100vw, 1024px\" \/><\/figure>\n\n\n\n<figure class=\"wp-block-image size-large\"><img loading=\"lazy\" decoding=\"async\" width=\"1024\" height=\"683\" data-id=\"20763\" src=\"https:\/\/euniv.eu\/wp-content\/uploads\/2026\/09\/260718-Graduatio_26-L-073-1024x683.jpg\" alt=\"\" class=\"wp-image-20763\" srcset=\"https:\/\/euniv.eu\/wp-content\/uploads\/2026\/09\/260718-Graduatio_26-L-073-1024x683.jpg 1024w, https:\/\/euniv.eu\/wp-content\/uploads\/2026\/09\/260718-Graduatio_26-L-073-300x200.jpg 300w, https:\/\/euniv.eu\/wp-content\/uploads\/2026\/09\/260718-Graduatio_26-L-073-768x512.jpg 768w, https:\/\/euniv.eu\/wp-content\/uploads\/2026\/09\/260718-Graduatio_26-L-073-1536x1024.jpg 1536w, https:\/\/euniv.eu\/wp-content\/uploads\/2026\/09\/260718-Graduatio_26-L-073-2048x1365.jpg 2048w, https:\/\/euniv.eu\/wp-content\/uploads\/2026\/09\/260718-Graduatio_26-L-073-600x400.jpg 600w, https:\/\/euniv.eu\/wp-content\/uploads\/2026\/09\/260718-Graduatio_26-L-073-1200x800.jpg 1200w, https:\/\/euniv.eu\/wp-content\/uploads\/2026\/09\/260718-Graduatio_26-L-073-1400x933.jpg 1400w\" sizes=\"auto, (max-width: 1024px) 100vw, 1024px\" \/><\/figure>\n\n\n\n<figure class=\"wp-block-image size-large\"><img loading=\"lazy\" decoding=\"async\" width=\"1024\" height=\"683\" data-id=\"20764\" src=\"https:\/\/euniv.eu\/wp-content\/uploads\/2026\/09\/260718-Graduatio_26-L-068-1024x683.jpg\" alt=\"\" class=\"wp-image-20764\" srcset=\"https:\/\/euniv.eu\/wp-content\/uploads\/2026\/09\/260718-Graduatio_26-L-068-1024x683.jpg 1024w, https:\/\/euniv.eu\/wp-content\/uploads\/2026\/09\/260718-Graduatio_26-L-068-300x200.jpg 300w, https:\/\/euniv.eu\/wp-content\/uploads\/2026\/09\/260718-Graduatio_26-L-068-768x512.jpg 768w, https:\/\/euniv.eu\/wp-content\/uploads\/2026\/09\/260718-Graduatio_26-L-068-1536x1024.jpg 1536w, https:\/\/euniv.eu\/wp-content\/uploads\/2026\/09\/260718-Graduatio_26-L-068-2048x1365.jpg 2048w, https:\/\/euniv.eu\/wp-content\/uploads\/2026\/09\/260718-Graduatio_26-L-068-600x400.jpg 600w, https:\/\/euniv.eu\/wp-content\/uploads\/2026\/09\/260718-Graduatio_26-L-068-1200x800.jpg 1200w, https:\/\/euniv.eu\/wp-content\/uploads\/2026\/09\/260718-Graduatio_26-L-068-1400x933.jpg 1400w\" sizes=\"auto, (max-width: 1024px) 100vw, 1024px\" \/><\/figure>\n\n\n\n<figure class=\"wp-block-image size-large\"><img loading=\"lazy\" decoding=\"async\" width=\"1024\" height=\"683\" data-id=\"20765\" src=\"https:\/\/euniv.eu\/wp-content\/uploads\/2026\/09\/260718-Graduatio_26-L-041-1024x683.jpg\" alt=\"\" class=\"wp-image-20765\" srcset=\"https:\/\/euniv.eu\/wp-content\/uploads\/2026\/09\/260718-Graduatio_26-L-041-1024x683.jpg 1024w, https:\/\/euniv.eu\/wp-content\/uploads\/2026\/09\/260718-Graduatio_26-L-041-300x200.jpg 300w, https:\/\/euniv.eu\/wp-content\/uploads\/2026\/09\/260718-Graduatio_26-L-041-768x512.jpg 768w, https:\/\/euniv.eu\/wp-content\/uploads\/2026\/09\/260718-Graduatio_26-L-041-1536x1024.jpg 1536w, https:\/\/euniv.eu\/wp-content\/uploads\/2026\/09\/260718-Graduatio_26-L-041-2048x1365.jpg 2048w, https:\/\/euniv.eu\/wp-content\/uploads\/2026\/09\/260718-Graduatio_26-L-041-600x400.jpg 600w, https:\/\/euniv.eu\/wp-content\/uploads\/2026\/09\/260718-Graduatio_26-L-041-1200x800.jpg 1200w, https:\/\/euniv.eu\/wp-content\/uploads\/2026\/09\/260718-Graduatio_26-L-041-1400x933.jpg 1400w\" sizes=\"auto, (max-width: 1024px) 100vw, 1024px\" \/><\/figure>\n\n\n\n<figure class=\"wp-block-image size-large\"><img loading=\"lazy\" decoding=\"async\" width=\"1024\" height=\"683\" data-id=\"20766\" src=\"https:\/\/euniv.eu\/wp-content\/uploads\/2026\/09\/260718-Graduatio_26-L-028-1024x683.jpg\" alt=\"\" class=\"wp-image-20766\" srcset=\"https:\/\/euniv.eu\/wp-content\/uploads\/2026\/09\/260718-Graduatio_26-L-028-1024x683.jpg 1024w, https:\/\/euniv.eu\/wp-content\/uploads\/2026\/09\/260718-Graduatio_26-L-028-300x200.jpg 300w, https:\/\/euniv.eu\/wp-content\/uploads\/2026\/09\/260718-Graduatio_26-L-028-768x512.jpg 768w, https:\/\/euniv.eu\/wp-content\/uploads\/2026\/09\/260718-Graduatio_26-L-028-1536x1024.jpg 1536w, https:\/\/euniv.eu\/wp-content\/uploads\/2026\/09\/260718-Graduatio_26-L-028-2048x1365.jpg 2048w, https:\/\/euniv.eu\/wp-content\/uploads\/2026\/09\/260718-Graduatio_26-L-028-600x400.jpg 600w, https:\/\/euniv.eu\/wp-content\/uploads\/2026\/09\/260718-Graduatio_26-L-028-1200x800.jpg 1200w, https:\/\/euniv.eu\/wp-content\/uploads\/2026\/09\/260718-Graduatio_26-L-028-1400x933.jpg 1400w\" sizes=\"auto, (max-width: 1024px) 100vw, 1024px\" \/><\/figure>\n<\/figure>\n","protected":false},"excerpt":{"rendered":"<p>Universitat Europea (eUniv) held the Graduation Ceremony for its third graduating class yesterday evening, bringing together more than 100 students and nearly 400 attendees at the Auditori Claror of the Centre Cultural i de Congressos Lauredi\u00e0, which was filled to capacity<\/p>\n","protected":false},"author":2,"featured_media":20759,"comment_status":"closed","ping_status":"open","sticky":false,"template":"","format":"standard","meta":{"_editorskit_title_hidden":false,"_editorskit_reading_time":0,"_editorskit_is_block_options_detached":false,"_editorskit_block_options_position":"{}","inline_featured_image":false,"footnotes":""},"categories":[38],"tags":[],"class_list":["post-20767","post","type-post","status-publish","format-standard","has-post-thumbnail","hentry","category-news","with-featured-image"],"featured_image_src":"https:\/\/euniv.eu\/wp-content\/uploads\/2026\/09\/260718-Graduatio_26-L-258-600x400.jpg","featured_image_src_square":"https:\/\/euniv.eu\/wp-content\/uploads\/2026\/09\/260718-Graduatio_26-L-258-600x600.jpg","author_info":{"display_name":"admin_euniv","author_link":"https:\/\/euniv.eu\/en\/author\/admin_euniv\/"},"_links":{"self":[{"href":"https:\/\/euniv.eu\/en\/wp-json\/wp\/v2\/posts\/20767","targetHints":{"allow":["GET"]}}],"collection":[{"href":"https:\/\/euniv.eu\/en\/wp-json\/wp\/v2\/posts"}],"about":[{"href":"https:\/\/euniv.eu\/en\/wp-json\/wp\/v2\/types\/post"}],"author":[{"embeddable":true,"href":"https:\/\/euniv.eu\/en\/wp-json\/wp\/v2\/users\/2"}],"replies":[{"embeddable":true,"href":"https:\/\/euniv.eu\/en\/wp-json\/wp\/v2\/comments?post=20767"}],"version-history":[{"count":1,"href":"https:\/\/euniv.eu\/en\/wp-json\/wp\/v2\/posts\/20767\/revisions"}],"predecessor-version":[{"id":20772,"href":"https:\/\/euniv.eu\/en\/wp-json\/wp\/v2\/posts\/20767\/revisions\/20772"}],"wp:featuredmedia":[{"embeddable":true,"href":"https:\/\/euniv.eu\/en\/wp-json\/wp\/v2\/media\/20759"}],"wp:attachment":[{"href":"https:\/\/euniv.eu\/en\/wp-json\/wp\/v2\/media?parent=20767"}],"wp:term":[{"taxonomy":"category","embeddable":true,"href":"https:\/\/euniv.eu\/en\/wp-json\/wp\/v2\/categories?post=20767"},{"taxonomy":"post_tag","embeddable":true,"href":"https:\/\/euniv.eu\/en\/wp-json\/wp\/v2\/tags?post=20767"}],"curies":[{"name":"wp","href":"https:\/\/api.w.org\/{rel}","templated":true}]}}