{"id":14860,"date":"2025-03-20T08:57:50","date_gmt":"2025-03-20T08:57:50","guid":{"rendered":"https:\/\/euniv.eu\/?p=14860"},"modified":"2025-03-20T08:57:52","modified_gmt":"2025-03-20T08:57:52","slug":"la-universidad-europea-presente-en-la-1a-feria-de-formacion-y-orientacion-laboral-projectat-cerdanya","status":"publish","type":"post","link":"https:\/\/euniv.eu\/es\/la-universidad-europea-presente-en-la-1a-feria-de-formacion-y-orientacion-laboral-projectat-cerdanya\/","title":{"rendered":"La Universidad Europea presente en la 1\u00aa Feria de Formaci\u00f3n y Orientaci\u00f3n Laboral, PROJECTA\u2019T CERDANYA"},"content":{"rendered":"\n<p>La eUniv particip\u00f3 el pasado 18 de marzo en la 1\u00aa Feria de Formaci\u00f3n y Orientaci\u00f3n Laboral, PROJECTA\u2019T CERDANYA, que tuvo lugar en el Palacio de Congresos y Deportes de Alp (Cerdanya) y a la que acudieron los alumnos de los centros de Bachillerato y de CFGS de la comarca de la Cerdanya.<\/p>\n\n\n\n<p>Esta feria nace con la voluntad de convertirse en un espacio de referencia para la orientaci\u00f3n acad\u00e9mica y profesional de los j\u00f3venes de la comarca y sus familias, proporcion\u00e1ndoles informaci\u00f3n de primera mano sobre las diferentes opciones formativas disponibles.<\/p>\n\n\n\n<p>Durante la jornada, los asistentes tuvieron la oportunidad de visitar los stands de distintas universidades y otros centros formativos, as\u00ed como de participar en charlas y talleres complementarios.<\/p>\n\n\n\n<figure class=\"wp-block-gallery has-nested-images columns-default is-cropped wp-block-gallery-1 is-layout-flex wp-block-gallery-is-layout-flex\">\n<figure class=\"wp-block-image size-large\"><img loading=\"lazy\" decoding=\"async\" width=\"1024\" height=\"768\" data-id=\"14858\" src=\"https:\/\/euniv.eu\/wp-content\/uploads\/2025\/03\/1742324648867-1024x768.jpg\" alt=\"\" class=\"wp-image-14858\" srcset=\"https:\/\/euniv.eu\/wp-content\/uploads\/2025\/03\/1742324648867-1024x768.jpg 1024w, https:\/\/euniv.eu\/wp-content\/uploads\/2025\/03\/1742324648867-300x225.jpg 300w, https:\/\/euniv.eu\/wp-content\/uploads\/2025\/03\/1742324648867-768x576.jpg 768w, https:\/\/euniv.eu\/wp-content\/uploads\/2025\/03\/1742324648867-1536x1152.jpg 1536w, https:\/\/euniv.eu\/wp-content\/uploads\/2025\/03\/1742324648867-1200x900.jpg 1200w, https:\/\/euniv.eu\/wp-content\/uploads\/2025\/03\/1742324648867-1400x1050.jpg 1400w, https:\/\/euniv.eu\/wp-content\/uploads\/2025\/03\/1742324648867-500x375.jpg 500w, https:\/\/euniv.eu\/wp-content\/uploads\/2025\/03\/1742324648867-800x600.jpg 800w, https:\/\/euniv.eu\/wp-content\/uploads\/2025\/03\/1742324648867-1280x960.jpg 1280w, https:\/\/euniv.eu\/wp-content\/uploads\/2025\/03\/1742324648867-1920x1440.jpg 1920w, https:\/\/euniv.eu\/wp-content\/uploads\/2025\/03\/1742324648867.jpg 2000w\" sizes=\"auto, (max-width: 1024px) 100vw, 1024px\" \/><\/figure>\n\n\n\n<figure class=\"wp-block-image size-large\"><img loading=\"lazy\" decoding=\"async\" width=\"772\" height=\"579\" data-id=\"14855\" src=\"https:\/\/euniv.eu\/wp-content\/uploads\/2025\/03\/Imagen1.jpg\" alt=\"\" class=\"wp-image-14855\" srcset=\"https:\/\/euniv.eu\/wp-content\/uploads\/2025\/03\/Imagen1.jpg 772w, https:\/\/euniv.eu\/wp-content\/uploads\/2025\/03\/Imagen1-300x225.jpg 300w, https:\/\/euniv.eu\/wp-content\/uploads\/2025\/03\/Imagen1-768x576.jpg 768w, https:\/\/euniv.eu\/wp-content\/uploads\/2025\/03\/Imagen1-500x375.jpg 500w\" sizes=\"auto, (max-width: 772px) 100vw, 772px\" \/><\/figure>\n<\/figure>\n","protected":false},"excerpt":{"rendered":"<p>Esta feria nace con la voluntad de convertirse en un espacio de referencia para la orientaci\u00f3n acad\u00e9mica y profesional de los j\u00f3venes de la comarca y sus familias<\/p>\n","protected":false},"author":2,"featured_media":14858,"comment_status":"open","ping_status":"open","sticky":false,"template":"","format":"standard","meta":{"_editorskit_title_hidden":false,"_editorskit_reading_time":0,"_editorskit_is_block_options_detached":false,"_editorskit_block_options_position":"{}","inline_featured_image":false,"footnotes":""},"categories":[26],"tags":[],"class_list":{"0":"post-14860","1":"post","2":"type-post","3":"status-publish","4":"format-standard","5":"has-post-thumbnail","6":"hentry","7":"category-noticias","9":"with-featured-image"},"featured_image_src":"https:\/\/euniv.eu\/wp-content\/uploads\/2025\/03\/1742324648867-600x400.jpg","featured_image_src_square":"https:\/\/euniv.eu\/wp-content\/uploads\/2025\/03\/1742324648867-600x600.jpg","author_info":{"display_name":"admin_euniv","author_link":"https:\/\/euniv.eu\/es\/author\/admin_euniv\/"},"_links":{"self":[{"href":"https:\/\/euniv.eu\/es\/wp-json\/wp\/v2\/posts\/14860","targetHints":{"allow":["GET"]}}],"collection":[{"href":"https:\/\/euniv.eu\/es\/wp-json\/wp\/v2\/posts"}],"about":[{"href":"https:\/\/euniv.eu\/es\/wp-json\/wp\/v2\/types\/post"}],"author":[{"embeddable":true,"href":"https:\/\/euniv.eu\/es\/wp-json\/wp\/v2\/users\/2"}],"replies":[{"embeddable":true,"href":"https:\/\/euniv.eu\/es\/wp-json\/wp\/v2\/comments?post=14860"}],"version-history":[{"count":1,"href":"https:\/\/euniv.eu\/es\/wp-json\/wp\/v2\/posts\/14860\/revisions"}],"predecessor-version":[{"id":14861,"href":"https:\/\/euniv.eu\/es\/wp-json\/wp\/v2\/posts\/14860\/revisions\/14861"}],"wp:featuredmedia":[{"embeddable":true,"href":"https:\/\/euniv.eu\/es\/wp-json\/wp\/v2\/media\/14858"}],"wp:attachment":[{"href":"https:\/\/euniv.eu\/es\/wp-json\/wp\/v2\/media?parent=14860"}],"wp:term":[{"taxonomy":"category","embeddable":true,"href":"https:\/\/euniv.eu\/es\/wp-json\/wp\/v2\/categories?post=14860"},{"taxonomy":"post_tag","embeddable":true,"href":"https:\/\/euniv.eu\/es\/wp-json\/wp\/v2\/tags?post=14860"}],"curies":[{"name":"wp","href":"https:\/\/api.w.org\/{rel}","templated":true}]}}