{"id":14884,"date":"2025-03-20T13:27:42","date_gmt":"2025-03-20T13:27:42","guid":{"rendered":"https:\/\/euniv.eu\/?p=14884"},"modified":"2025-03-20T13:27:44","modified_gmt":"2025-03-20T13:27:44","slug":"la-euniv-firma-un-convenio-de-asociacion-con-el-centro-formintegral","status":"publish","type":"post","link":"https:\/\/euniv.eu\/es\/la-euniv-firma-un-convenio-de-asociacion-con-el-centro-formintegral\/","title":{"rendered":"La eUniv firma un convenio de asociaci\u00f3n con el centro Formintegral"},"content":{"rendered":"\n<p><a href=\"https:\/\/formintegral.com\/\" target=\"_blank\" rel=\"noreferrer noopener\"><strong>Formintegral<\/strong> <\/a>es un <strong>centro docente dedicado a la formaci\u00f3n continua <\/strong>de car\u00e1cter profesional y en modalidad no presencial. El lunes 17 de marzo de 2025, se firm\u00f3 el convenio por el cual <strong>Formintegral pasa a ser centro asociado de la eUniv para la impartici\u00f3n de t\u00edtulos propios<\/strong>, de acuerdo con el r\u00e9gimen jur\u00eddico universitario.<\/p>\n\n\n\n<p>El <strong>Dr. Marc B. Escol\u00e0, Protonotario Acad\u00e9mico<\/strong>, firm\u00f3 el convenio en representaci\u00f3n de la eUniv, y el <strong>Sr. Eduard Ezquer <\/strong>lo hizo en su condici\u00f3n de administrador de Formintegral. El acto tuvo lugar en la sede del centro, ubicada en la ciudad de Mollerussa (Pla d\u2019Urgell).<\/p>\n\n\n\n<figure class=\"wp-block-gallery has-nested-images columns-default is-cropped wp-block-gallery-1 is-layout-flex wp-block-gallery-is-layout-flex\">\n<figure class=\"wp-block-image size-large\"><img loading=\"lazy\" decoding=\"async\" width=\"1024\" height=\"810\" data-id=\"14875\" src=\"https:\/\/euniv.eu\/wp-content\/uploads\/2025\/03\/IMG-20250318-WA0014-1024x810.jpg\" alt=\"\" class=\"wp-image-14875\" srcset=\"https:\/\/euniv.eu\/wp-content\/uploads\/2025\/03\/IMG-20250318-WA0014-1024x810.jpg 1024w, https:\/\/euniv.eu\/wp-content\/uploads\/2025\/03\/IMG-20250318-WA0014-300x237.jpg 300w, https:\/\/euniv.eu\/wp-content\/uploads\/2025\/03\/IMG-20250318-WA0014-768x607.jpg 768w, https:\/\/euniv.eu\/wp-content\/uploads\/2025\/03\/IMG-20250318-WA0014-500x395.jpg 500w, https:\/\/euniv.eu\/wp-content\/uploads\/2025\/03\/IMG-20250318-WA0014-800x632.jpg 800w, https:\/\/euniv.eu\/wp-content\/uploads\/2025\/03\/IMG-20250318-WA0014.jpg 1170w\" sizes=\"auto, (max-width: 1024px) 100vw, 1024px\" \/><\/figure>\n\n\n\n<figure class=\"wp-block-image size-large\"><img loading=\"lazy\" decoding=\"async\" width=\"1024\" height=\"768\" data-id=\"14879\" src=\"https:\/\/euniv.eu\/wp-content\/uploads\/2025\/03\/1742324648892-1024x768.jpg\" alt=\"\" class=\"wp-image-14879\" srcset=\"https:\/\/euniv.eu\/wp-content\/uploads\/2025\/03\/1742324648892-1024x768.jpg 1024w, https:\/\/euniv.eu\/wp-content\/uploads\/2025\/03\/1742324648892-300x225.jpg 300w, https:\/\/euniv.eu\/wp-content\/uploads\/2025\/03\/1742324648892-768x576.jpg 768w, https:\/\/euniv.eu\/wp-content\/uploads\/2025\/03\/1742324648892-1536x1152.jpg 1536w, https:\/\/euniv.eu\/wp-content\/uploads\/2025\/03\/1742324648892-1200x900.jpg 1200w, https:\/\/euniv.eu\/wp-content\/uploads\/2025\/03\/1742324648892-1400x1050.jpg 1400w, https:\/\/euniv.eu\/wp-content\/uploads\/2025\/03\/1742324648892-500x375.jpg 500w, https:\/\/euniv.eu\/wp-content\/uploads\/2025\/03\/1742324648892-800x600.jpg 800w, https:\/\/euniv.eu\/wp-content\/uploads\/2025\/03\/1742324648892-1280x960.jpg 1280w, https:\/\/euniv.eu\/wp-content\/uploads\/2025\/03\/1742324648892-1920x1440.jpg 1920w, https:\/\/euniv.eu\/wp-content\/uploads\/2025\/03\/1742324648892.jpg 2000w\" sizes=\"auto, (max-width: 1024px) 100vw, 1024px\" \/><\/figure>\n<\/figure>\n","protected":false},"excerpt":{"rendered":"<p>Formintegral es un centro docente dedicado a la formaci\u00f3n continua de car\u00e1cter profesional y en modalidad no presencial<\/p>\n","protected":false},"author":2,"featured_media":14875,"comment_status":"open","ping_status":"open","sticky":false,"template":"","format":"standard","meta":{"_editorskit_title_hidden":false,"_editorskit_reading_time":0,"_editorskit_is_block_options_detached":false,"_editorskit_block_options_position":"{}","inline_featured_image":false,"footnotes":""},"categories":[26],"tags":[],"class_list":{"0":"post-14884","1":"post","2":"type-post","3":"status-publish","4":"format-standard","5":"has-post-thumbnail","6":"hentry","7":"category-noticias","9":"with-featured-image"},"featured_image_src":"https:\/\/euniv.eu\/wp-content\/uploads\/2025\/03\/IMG-20250318-WA0014-600x400.jpg","featured_image_src_square":"https:\/\/euniv.eu\/wp-content\/uploads\/2025\/03\/IMG-20250318-WA0014-600x600.jpg","author_info":{"display_name":"admin_euniv","author_link":"https:\/\/euniv.eu\/es\/author\/admin_euniv\/"},"_links":{"self":[{"href":"https:\/\/euniv.eu\/es\/wp-json\/wp\/v2\/posts\/14884","targetHints":{"allow":["GET"]}}],"collection":[{"href":"https:\/\/euniv.eu\/es\/wp-json\/wp\/v2\/posts"}],"about":[{"href":"https:\/\/euniv.eu\/es\/wp-json\/wp\/v2\/types\/post"}],"author":[{"embeddable":true,"href":"https:\/\/euniv.eu\/es\/wp-json\/wp\/v2\/users\/2"}],"replies":[{"embeddable":true,"href":"https:\/\/euniv.eu\/es\/wp-json\/wp\/v2\/comments?post=14884"}],"version-history":[{"count":1,"href":"https:\/\/euniv.eu\/es\/wp-json\/wp\/v2\/posts\/14884\/revisions"}],"predecessor-version":[{"id":14885,"href":"https:\/\/euniv.eu\/es\/wp-json\/wp\/v2\/posts\/14884\/revisions\/14885"}],"wp:featuredmedia":[{"embeddable":true,"href":"https:\/\/euniv.eu\/es\/wp-json\/wp\/v2\/media\/14875"}],"wp:attachment":[{"href":"https:\/\/euniv.eu\/es\/wp-json\/wp\/v2\/media?parent=14884"}],"wp:term":[{"taxonomy":"category","embeddable":true,"href":"https:\/\/euniv.eu\/es\/wp-json\/wp\/v2\/categories?post=14884"},{"taxonomy":"post_tag","embeddable":true,"href":"https:\/\/euniv.eu\/es\/wp-json\/wp\/v2\/tags?post=14884"}],"curies":[{"name":"wp","href":"https:\/\/api.w.org\/{rel}","templated":true}]}}