{"id":15411,"date":"2025-04-22T10:38:41","date_gmt":"2025-04-22T10:38:41","guid":{"rendered":"https:\/\/euniv.eu\/?p=15411"},"modified":"2025-04-22T10:46:56","modified_gmt":"2025-04-22T10:46:56","slug":"la-euniv-organiza-una-sesion-formativa-con-los-alumnos-de-la-escuela-joan-xxiii","status":"publish","type":"post","link":"https:\/\/euniv.eu\/es\/la-euniv-organiza-una-sesion-formativa-con-los-alumnos-de-la-escuela-joan-xxiii\/","title":{"rendered":"La eUniv organiza una sesi\u00f3n formativa con los alumnos de la escuela Joan XXIII"},"content":{"rendered":"\n<p><em><strong>\u201cEl secreto del \u00e9xito empresarial: C\u00f3mo prepararte para triunfar ma\u00f1ana\u201d<\/strong><\/em> ha sido el t\u00edtulo de la masterclass que han recibido los alumnos de <strong>2\u00ba de Administraci\u00f3n y Finanzas<\/strong> y <strong>2\u00ba de Marketing y Publicidad<\/strong> de la <a href=\"https:\/\/esitfp.com\/\" target=\"_blank\" rel=\"noreferrer noopener\">escuela Joan XXIII de Tarragona<\/a>, una sesi\u00f3n que ha puesto el foco en los elementos clave para destacar en un mercado cada vez m\u00e1s competitivo y cambiante.<\/p>\n\n\n\n<p>A cargo de <strong>Jordi Sauret<\/strong>, vicerrector y coordinador de <a href=\"https:\/\/euniv.eu\/es\/ensenanzas\/empresa\/bachelor-bba\/\" target=\"_blank\" rel=\"noreferrer noopener\">estudios de ADE<\/a>, la ponencia ha explorado conceptos fundamentales como la <em><strong>marca diferencial<\/strong><\/em>, la <em><strong>adaptaci\u00f3n estrat\u00e9gica<\/strong><\/em> y la capacidad de hacer frente a la <em><strong>mutaci\u00f3n competitiva<\/strong><\/em>. Uno de los puntos m\u00e1s destacados de la sesi\u00f3n ha sido el an\u00e1lisis del caso <em><strong>Nokia<\/strong><\/em>, que comenz\u00f3 como una empresa papelera y que, gracias a su capacidad de adaptaci\u00f3n, supo reinventarse dentro del sector de la telefon\u00eda y la electr\u00f3nica. No obstante, tambi\u00e9n se expuso c\u00f3mo la falta de respuesta ante la llegada de los smartphones y la rapidez con la que la competencia innov\u00f3 precipitaron su declive. Sauret remarc\u00f3 que la <strong><em>diversificaci\u00f3n<\/em> <\/strong>y el <em><strong>reposicionamiento estrat\u00e9gico<\/strong><\/em> dentro de <em><strong>mercados emergentes<\/strong><\/em> son claves para mantener la relevancia empresarial y volver a optar al liderazgo.<\/p>\n\n\n\n<p>Una vez finalizada la masterclass, <strong>Joaquim Vall\u00e9s<\/strong>, director del <a href=\"https:\/\/euniv.eu\/es\/organizacion-euniv\/centros-euniv\/instituto-universitario-de-tecnologia-aplicada\/\" target=\"_blank\" rel=\"noreferrer noopener\">Instituto Universitario de Tecnolog\u00eda Aplicada<\/a>, ha iniciado una charla sobre la <strong>oferta educativa<\/strong> <strong>de la Universidad Europea de Andorra<\/strong> y las posibilidades de convalidaciones en los estudios universitarios con la UEA teniendo un ciclo formativo de grado superior.<\/p>\n\n\n\n<figure class=\"wp-block-gallery has-nested-images columns-default is-cropped wp-block-gallery-1 is-layout-flex wp-block-gallery-is-layout-flex\">\n<figure class=\"wp-block-image size-large\"><img loading=\"lazy\" decoding=\"async\" width=\"600\" height=\"338\" data-id=\"15409\" src=\"https:\/\/euniv.eu\/wp-content\/uploads\/2025\/04\/UEA-2-1-600x338-2.jpg\" alt=\"\" class=\"wp-image-15409\" srcset=\"https:\/\/euniv.eu\/wp-content\/uploads\/2025\/04\/UEA-2-1-600x338-2.jpg 600w, https:\/\/euniv.eu\/wp-content\/uploads\/2025\/04\/UEA-2-1-600x338-2-300x169.jpg 300w, https:\/\/euniv.eu\/wp-content\/uploads\/2025\/04\/UEA-2-1-600x338-2-500x282.jpg 500w\" sizes=\"auto, (max-width: 600px) 100vw, 600px\" \/><\/figure>\n\n\n\n<figure class=\"wp-block-image size-large\"><img loading=\"lazy\" decoding=\"async\" width=\"600\" height=\"450\" data-id=\"15406\" src=\"https:\/\/euniv.eu\/wp-content\/uploads\/2025\/04\/UEA-5-1-600x450-1.jpg\" alt=\"\" class=\"wp-image-15406\" srcset=\"https:\/\/euniv.eu\/wp-content\/uploads\/2025\/04\/UEA-5-1-600x450-1.jpg 600w, https:\/\/euniv.eu\/wp-content\/uploads\/2025\/04\/UEA-5-1-600x450-1-300x225.jpg 300w, https:\/\/euniv.eu\/wp-content\/uploads\/2025\/04\/UEA-5-1-600x450-1-500x375.jpg 500w\" sizes=\"auto, (max-width: 600px) 100vw, 600px\" \/><\/figure>\n\n\n\n<figure class=\"wp-block-image size-large\"><img loading=\"lazy\" decoding=\"async\" width=\"600\" height=\"338\" data-id=\"15405\" src=\"https:\/\/euniv.eu\/wp-content\/uploads\/2025\/04\/UEA-1-1-600x338-1.jpg\" alt=\"\" class=\"wp-image-15405\" srcset=\"https:\/\/euniv.eu\/wp-content\/uploads\/2025\/04\/UEA-1-1-600x338-1.jpg 600w, https:\/\/euniv.eu\/wp-content\/uploads\/2025\/04\/UEA-1-1-600x338-1-300x169.jpg 300w, https:\/\/euniv.eu\/wp-content\/uploads\/2025\/04\/UEA-1-1-600x338-1-500x282.jpg 500w\" sizes=\"auto, (max-width: 600px) 100vw, 600px\" \/><\/figure>\n\n\n\n<figure class=\"wp-block-image size-large\"><img loading=\"lazy\" decoding=\"async\" width=\"600\" height=\"338\" data-id=\"15404\" src=\"https:\/\/euniv.eu\/wp-content\/uploads\/2025\/04\/UEA-3-1-600x338-1.jpg\" alt=\"\" class=\"wp-image-15404\" srcset=\"https:\/\/euniv.eu\/wp-content\/uploads\/2025\/04\/UEA-3-1-600x338-1.jpg 600w, https:\/\/euniv.eu\/wp-content\/uploads\/2025\/04\/UEA-3-1-600x338-1-300x169.jpg 300w, https:\/\/euniv.eu\/wp-content\/uploads\/2025\/04\/UEA-3-1-600x338-1-500x282.jpg 500w\" sizes=\"auto, (max-width: 600px) 100vw, 600px\" \/><\/figure>\n<\/figure>\n","protected":false},"excerpt":{"rendered":"<p>\u201cEl secreto del \u00e9xito empresarial: C\u00f3mo prepararte para triunfar ma\u00f1ana\u201d ha sido el t\u00edtulo de la masterclass que han recibido los alumnos de 2\u00ba de Administraci\u00f3n y Finanzas y 2\u00ba de Marketing y Publicidad de la escuela Joan XXIII de Tarragona, una sesi\u00f3n que ha puesto el foco en los elementos clave para destacar en un mercado cada vez m\u00e1s competitivo y cambiante.<\/p>\n","protected":false},"author":2,"featured_media":15409,"comment_status":"open","ping_status":"open","sticky":false,"template":"","format":"standard","meta":{"_editorskit_title_hidden":false,"_editorskit_reading_time":0,"_editorskit_is_block_options_detached":false,"_editorskit_block_options_position":"{}","inline_featured_image":false,"footnotes":""},"categories":[26],"tags":[],"class_list":{"0":"post-15411","1":"post","2":"type-post","3":"status-publish","4":"format-standard","5":"has-post-thumbnail","6":"hentry","7":"category-noticias","9":"with-featured-image"},"featured_image_src":"https:\/\/euniv.eu\/wp-content\/uploads\/2025\/04\/UEA-2-1-600x338-2.jpg","featured_image_src_square":"https:\/\/euniv.eu\/wp-content\/uploads\/2025\/04\/UEA-2-1-600x338-2.jpg","author_info":{"display_name":"admin_euniv","author_link":"https:\/\/euniv.eu\/es\/author\/admin_euniv\/"},"_links":{"self":[{"href":"https:\/\/euniv.eu\/es\/wp-json\/wp\/v2\/posts\/15411","targetHints":{"allow":["GET"]}}],"collection":[{"href":"https:\/\/euniv.eu\/es\/wp-json\/wp\/v2\/posts"}],"about":[{"href":"https:\/\/euniv.eu\/es\/wp-json\/wp\/v2\/types\/post"}],"author":[{"embeddable":true,"href":"https:\/\/euniv.eu\/es\/wp-json\/wp\/v2\/users\/2"}],"replies":[{"embeddable":true,"href":"https:\/\/euniv.eu\/es\/wp-json\/wp\/v2\/comments?post=15411"}],"version-history":[{"count":2,"href":"https:\/\/euniv.eu\/es\/wp-json\/wp\/v2\/posts\/15411\/revisions"}],"predecessor-version":[{"id":15414,"href":"https:\/\/euniv.eu\/es\/wp-json\/wp\/v2\/posts\/15411\/revisions\/15414"}],"wp:featuredmedia":[{"embeddable":true,"href":"https:\/\/euniv.eu\/es\/wp-json\/wp\/v2\/media\/15409"}],"wp:attachment":[{"href":"https:\/\/euniv.eu\/es\/wp-json\/wp\/v2\/media?parent=15411"}],"wp:term":[{"taxonomy":"category","embeddable":true,"href":"https:\/\/euniv.eu\/es\/wp-json\/wp\/v2\/categories?post=15411"},{"taxonomy":"post_tag","embeddable":true,"href":"https:\/\/euniv.eu\/es\/wp-json\/wp\/v2\/tags?post=15411"}],"curies":[{"name":"wp","href":"https:\/\/api.w.org\/{rel}","templated":true}]}}