{"id":15544,"date":"2025-05-06T11:44:23","date_gmt":"2025-05-06T09:44:23","guid":{"rendered":"https:\/\/euniv.eu\/?p=15544"},"modified":"2025-05-06T11:44:26","modified_gmt":"2025-05-06T09:44:26","slug":"aprobado-el-plan-de-estudios-del-bachelor-en-marketing-de-la-euniv","status":"publish","type":"post","link":"https:\/\/euniv.eu\/es\/aprobado-el-plan-de-estudios-del-bachelor-en-marketing-de-la-euniv\/","title":{"rendered":"Aprobado el plan de estudios del Bachelor en Marketing de la eUniv"},"content":{"rendered":"\n<p>En la sesi\u00f3n del mi\u00e9rcoles 23 de abril de 2025, el Consejo de Ministros aprob\u00f3 el plan de estudios del <strong>Bachelor en Marketing<\/strong> de la <a href=\"https:\/\/euniv.eu\/es\/\" target=\"_blank\" rel=\"noreferrer noopener\">Universidad Europea IMF<\/a>, public\u00e1ndose el d\u00eda 30 de abril de 2025 en el BOPA.<\/p>\n\n\n\n<p><br>Esta ense\u00f1anza se implantar\u00e1 el pr\u00f3ximo curso 2025-26 en el Colegio Universitario F. Layret de la eUniv, en modalidad virtual. La titulaci\u00f3n corresponde al nivel 6A del Marco Andorrano de Cualificaciones (MAQ), y se podr\u00e1 acceder a ella desde la educaci\u00f3n secundaria y otras v\u00edas complementarias.<\/p>\n\n\n\n<p><br>La duraci\u00f3n de los estudios \u2014que tienen una carga de trabajo de 180 cr\u00e9ditos europeos\u2014 es de tres cursos acad\u00e9micos a tiempo completo, divididos en seis semestres. No obstante, estos estudios tambi\u00e9n pueden cursarse a tiempo parcial, adaptando su duraci\u00f3n.<\/p>\n\n\n\n<p><br>De acuerdo con el decreto de creaci\u00f3n de este t\u00edtulo estatal, las personas tituladas tienen las competencias profesionales para ejercer como t\u00e9cnicos en diversos \u00e1mbitos, tanto en departamentos de marketing, publicidad y ventas de empresas y otras instituciones u organizaciones como en agencias de marketing y comunicaci\u00f3n, y dedicarse a la investigaci\u00f3n de mercados, la publicidad, el marketing, el marketing en l\u00ednea, la consultor\u00eda, las relaciones p\u00fablicas, la relaci\u00f3n con medios y la gesti\u00f3n de clientes, entre otros \u00e1mbitos.<\/p>\n\n\n\n<figure class=\"wp-block-image size-large\"><img loading=\"lazy\" decoding=\"async\" width=\"1024\" height=\"683\" src=\"https:\/\/euniv.eu\/wp-content\/uploads\/2025\/05\/pexels-asphotograpy-95916-1024x683.jpg\" alt=\"\" class=\"wp-image-15542\" srcset=\"https:\/\/euniv.eu\/wp-content\/uploads\/2025\/05\/pexels-asphotograpy-95916-1024x683.jpg 1024w, https:\/\/euniv.eu\/wp-content\/uploads\/2025\/05\/pexels-asphotograpy-95916-300x200.jpg 300w, https:\/\/euniv.eu\/wp-content\/uploads\/2025\/05\/pexels-asphotograpy-95916-768x512.jpg 768w, https:\/\/euniv.eu\/wp-content\/uploads\/2025\/05\/pexels-asphotograpy-95916-1536x1024.jpg 1536w, https:\/\/euniv.eu\/wp-content\/uploads\/2025\/05\/pexels-asphotograpy-95916-2048x1365.jpg 2048w, https:\/\/euniv.eu\/wp-content\/uploads\/2025\/05\/pexels-asphotograpy-95916-600x400.jpg 600w, https:\/\/euniv.eu\/wp-content\/uploads\/2025\/05\/pexels-asphotograpy-95916-1200x800.jpg 1200w, https:\/\/euniv.eu\/wp-content\/uploads\/2025\/05\/pexels-asphotograpy-95916-1400x933.jpg 1400w, https:\/\/euniv.eu\/wp-content\/uploads\/2025\/05\/pexels-asphotograpy-95916-500x333.jpg 500w, https:\/\/euniv.eu\/wp-content\/uploads\/2025\/05\/pexels-asphotograpy-95916-800x533.jpg 800w, https:\/\/euniv.eu\/wp-content\/uploads\/2025\/05\/pexels-asphotograpy-95916-1280x853.jpg 1280w, https:\/\/euniv.eu\/wp-content\/uploads\/2025\/05\/pexels-asphotograpy-95916-1920x1280.jpg 1920w\" sizes=\"auto, (max-width: 1024px) 100vw, 1024px\" \/><\/figure>\n","protected":false},"excerpt":{"rendered":"<p>En la sesi\u00f3n del mi\u00e9rcoles 23 de abril de 2025, el Consejo de Ministros aprob\u00f3 el plan de estudios del Bachelor en Marketing de la Universidad Europea IMF, public\u00e1ndose el d\u00eda 30 de abril de 2025 en el BOPA.<\/p>\n","protected":false},"author":2,"featured_media":15542,"comment_status":"open","ping_status":"open","sticky":false,"template":"","format":"standard","meta":{"_editorskit_title_hidden":false,"_editorskit_reading_time":0,"_editorskit_is_block_options_detached":false,"_editorskit_block_options_position":"{}","inline_featured_image":false,"footnotes":""},"categories":[26],"tags":[],"class_list":{"0":"post-15544","1":"post","2":"type-post","3":"status-publish","4":"format-standard","5":"has-post-thumbnail","6":"hentry","7":"category-noticias","9":"with-featured-image"},"featured_image_src":"https:\/\/euniv.eu\/wp-content\/uploads\/2025\/05\/pexels-asphotograpy-95916-600x400.jpg","featured_image_src_square":"https:\/\/euniv.eu\/wp-content\/uploads\/2025\/05\/pexels-asphotograpy-95916-600x600.jpg","author_info":{"display_name":"admin_euniv","author_link":"https:\/\/euniv.eu\/es\/author\/admin_euniv\/"},"_links":{"self":[{"href":"https:\/\/euniv.eu\/es\/wp-json\/wp\/v2\/posts\/15544","targetHints":{"allow":["GET"]}}],"collection":[{"href":"https:\/\/euniv.eu\/es\/wp-json\/wp\/v2\/posts"}],"about":[{"href":"https:\/\/euniv.eu\/es\/wp-json\/wp\/v2\/types\/post"}],"author":[{"embeddable":true,"href":"https:\/\/euniv.eu\/es\/wp-json\/wp\/v2\/users\/2"}],"replies":[{"embeddable":true,"href":"https:\/\/euniv.eu\/es\/wp-json\/wp\/v2\/comments?post=15544"}],"version-history":[{"count":1,"href":"https:\/\/euniv.eu\/es\/wp-json\/wp\/v2\/posts\/15544\/revisions"}],"predecessor-version":[{"id":15545,"href":"https:\/\/euniv.eu\/es\/wp-json\/wp\/v2\/posts\/15544\/revisions\/15545"}],"wp:featuredmedia":[{"embeddable":true,"href":"https:\/\/euniv.eu\/es\/wp-json\/wp\/v2\/media\/15542"}],"wp:attachment":[{"href":"https:\/\/euniv.eu\/es\/wp-json\/wp\/v2\/media?parent=15544"}],"wp:term":[{"taxonomy":"category","embeddable":true,"href":"https:\/\/euniv.eu\/es\/wp-json\/wp\/v2\/categories?post=15544"},{"taxonomy":"post_tag","embeddable":true,"href":"https:\/\/euniv.eu\/es\/wp-json\/wp\/v2\/tags?post=15544"}],"curies":[{"name":"wp","href":"https:\/\/api.w.org\/{rel}","templated":true}]}}