{"id":20457,"date":"2026-04-24T15:54:15","date_gmt":"2026-04-24T13:54:15","guid":{"rendered":"https:\/\/euniv.eu\/?p=20457"},"modified":"2026-04-24T15:54:17","modified_gmt":"2026-04-24T13:54:17","slug":"hacer-comunidad-desde-la-universidad-la-apuesta-imprescindible-de-la-euniv","status":"publish","type":"post","link":"https:\/\/euniv.eu\/es\/hacer-comunidad-desde-la-universidad-la-apuesta-imprescindible-de-la-euniv\/","title":{"rendered":"Hacer comunidad desde la universidad: la apuesta imprescindible de la eUniv"},"content":{"rendered":"\n<h2 class=\"wp-block-heading\">La Copa Colegial demuestra que el deporte escolar puede ser un motor de cohesi\u00f3n social<\/h2>\n\n\n\n<p><em>Art\u00edculo publicado en el Diari d&#8217;Andorra el 24 de abril del 2026 con la autor\u00eda de Gerard Miret, director de Comunicaci\u00f3n de la eUniv<\/em><\/p>\n\n\n\n<p>En un mundo cada vez m\u00e1s globalizado y digitalizado, <strong>las universidades tienen el reto de ir m\u00e1s all\u00e1 de la docencia y la investigaci\u00f3n<\/strong>. Es lo que, desde hace a\u00f1os, se conoce como su <strong>tercera misi\u00f3n<\/strong>: contribuir activamente a la sociedad que las acoge. <strong>No se trata solo de formar profesionales o generar conocimiento, sino tambi\u00e9n de crear comunidad<\/strong>, arraigarse en el territorio y participar en su vida colectiva.<\/p>\n\n\n\n<p>La eUniv nace precisamente con esta vocaci\u00f3n. Como instituci\u00f3n de educaci\u00f3n superior establecida en el Principado de Andorra e integrada en el Espacio Europeo de Educaci\u00f3n Superior, su misi\u00f3n no se limita a impartir titulaciones oficiales de grado, m\u00e1ster y doctorado, sino tambi\u00e9n a contribuir a la difusi\u00f3n del conocimiento y a la construcci\u00f3n de una sociedad m\u00e1s justa. Esta dimensi\u00f3n social no es accesoria: es esencial para entender el sentido de la universidad contempor\u00e1nea.<\/p>\n\n\n\n<p><strong>Es en este contexto donde debe situarse la participaci\u00f3n activa de la eUniv en la segunda edici\u00f3n de la <a href=\"https:\/\/www.copacolegial.com\/es\/section\/cataluna\" target=\"_blank\" rel=\"noreferrer noopener\">Copa Colegial Andorra<\/a><\/strong>. Este evento, que forma parte de uno de los torneos escolares de baloncesto m\u00e1s importantes de Europa, no es solo una competici\u00f3n deportiva. Es un espacio de encuentro entre j\u00f3venes, escuelas, familias e instituciones, que genera identidad, valores compartidos y sentimiento de pertenencia. La <strong>Copa Colegial ha demostrado que el deporte escolar puede ser un motor de cohesi\u00f3n social, implicando a miles de estudiantes y centros educativos en un proyecto com\u00fan<\/strong>.<\/p>\n\n\n\n<p><strong>La decisi\u00f3n de la eUniv de convertirse en patrocinador principal de la Copa Colegial Andorra 2025-2026<\/strong> y de colaborar activamente en ella responde a esta visi\u00f3n. <strong>No es un gesto puntual ni una acci\u00f3n de visibilidad, sino una apuesta clara por el talento joven del pa\u00eds y por los valores que el torneo promueve: esfuerzo, trabajo en equipo y formaci\u00f3n integral<\/strong>. El hecho de que la presentaci\u00f3n oficial del torneo se realizara en la sede universitaria y que la eUniv est\u00e9 presente en todos los espacios de la competici\u00f3n evidencia una voluntad de implicaci\u00f3n real en la vida educativa y social del territorio.<\/p>\n\n\n\n<p><strong>Esta apuesta no es aislada. La eUniv desarrolla diversas acciones de colaboraci\u00f3n con entidades andorranas, convenios con instituciones e iniciativas que conectan la universidad con la realidad del pa\u00eds<\/strong>. Estas actividades forman parte de su manera de entender la universidad: como un actor activo dentro del ecosistema social, econ\u00f3mico y cultural de Andorra.<\/p>\n\n\n\n<p>En este sentido, la tercera misi\u00f3n universitaria adquiere una dimensi\u00f3n especialmente relevante en territorios como el nuestro. <strong>En un pa\u00eds peque\u00f1o, la universidad no puede ser una instituci\u00f3n distante o abstracta; debe ser un elemento integrador, capaz de generar v\u00ednculos y de contribuir al desarrollo colectivo<\/strong>. El arraigo al territorio no es solo una cuesti\u00f3n de ubicaci\u00f3n geogr\u00e1fica, sino de compromiso con las personas y con sus necesidades.<\/p>\n\n\n\n<p>La Copa Colegial Andorra es un ejemplo paradigm\u00e1tico de ello. En su segunda edici\u00f3n, ha consolidado un espacio en el que la educaci\u00f3n y el deporte se encuentran, y en el que la comunidad educativa del pa\u00eds se reconoce y se proyecta hacia el futuro. <strong>La participaci\u00f3n de la eUniv en este proyecto refuerza la idea de que la universidad no es solo un lugar de aprendizaje individual, sino tambi\u00e9n un motor de cohesi\u00f3n social<\/strong>.<\/p>\n\n\n\n<p><strong>Hacer comunidad no es una opci\u00f3n para las universidades del siglo XXI: es una responsabilidad<\/strong>. Y en este camino, la eUniv ha decidido caminar junto al territorio, contribuyendo a construir un pa\u00eds m\u00e1s conectado, m\u00e1s participativo y con m\u00e1s oportunidades para las nuevas generaciones. Esta es, en definitiva, la raz\u00f3n de ser de su apuesta.<\/p>\n\n\n\n<figure class=\"wp-block-image size-large\"><img loading=\"lazy\" decoding=\"async\" width=\"1024\" height=\"576\" src=\"https:\/\/euniv.eu\/wp-content\/uploads\/2026\/04\/Imatges-Web-5-1024x576.png\" alt=\"\" class=\"wp-image-20456\" srcset=\"https:\/\/euniv.eu\/wp-content\/uploads\/2026\/04\/Imatges-Web-5-1024x576.png 1024w, https:\/\/euniv.eu\/wp-content\/uploads\/2026\/04\/Imatges-Web-5-300x169.png 300w, https:\/\/euniv.eu\/wp-content\/uploads\/2026\/04\/Imatges-Web-5-768x432.png 768w, https:\/\/euniv.eu\/wp-content\/uploads\/2026\/04\/Imatges-Web-5-1200x675.png 1200w, https:\/\/euniv.eu\/wp-content\/uploads\/2026\/04\/Imatges-Web-5.png 1280w\" sizes=\"auto, (max-width: 1024px) 100vw, 1024px\" \/><\/figure>\n","protected":false},"excerpt":{"rendered":"<p>En un mundo cada vez m\u00e1s globalizado y digitalizado, las universidades tienen el reto de ir m\u00e1s all\u00e1 de la docencia y la investigaci\u00f3n. Es lo que, desde hace a\u00f1os, se conoce como su tercera misi\u00f3n: contribuir activamente a la sociedad que las acoge. No se trata solo de formar profesionales o generar conocimiento, sino tambi\u00e9n de crear comunidad, arraigarse en el territorio y participar en su vida colectiva.<\/p>\n","protected":false},"author":2,"featured_media":20456,"comment_status":"closed","ping_status":"open","sticky":false,"template":"","format":"standard","meta":{"_editorskit_title_hidden":false,"_editorskit_reading_time":0,"_editorskit_is_block_options_detached":false,"_editorskit_block_options_position":"{}","inline_featured_image":false,"footnotes":""},"categories":[26],"tags":[],"class_list":{"0":"post-20457","1":"post","2":"type-post","3":"status-publish","4":"format-standard","5":"has-post-thumbnail","6":"hentry","7":"category-noticias","9":"with-featured-image"},"featured_image_src":"https:\/\/euniv.eu\/wp-content\/uploads\/2026\/04\/Imatges-Web-5-600x400.png","featured_image_src_square":"https:\/\/euniv.eu\/wp-content\/uploads\/2026\/04\/Imatges-Web-5-600x600.png","author_info":{"display_name":"admin_euniv","author_link":"https:\/\/euniv.eu\/es\/author\/admin_euniv\/"},"_links":{"self":[{"href":"https:\/\/euniv.eu\/es\/wp-json\/wp\/v2\/posts\/20457","targetHints":{"allow":["GET"]}}],"collection":[{"href":"https:\/\/euniv.eu\/es\/wp-json\/wp\/v2\/posts"}],"about":[{"href":"https:\/\/euniv.eu\/es\/wp-json\/wp\/v2\/types\/post"}],"author":[{"embeddable":true,"href":"https:\/\/euniv.eu\/es\/wp-json\/wp\/v2\/users\/2"}],"replies":[{"embeddable":true,"href":"https:\/\/euniv.eu\/es\/wp-json\/wp\/v2\/comments?post=20457"}],"version-history":[{"count":1,"href":"https:\/\/euniv.eu\/es\/wp-json\/wp\/v2\/posts\/20457\/revisions"}],"predecessor-version":[{"id":20460,"href":"https:\/\/euniv.eu\/es\/wp-json\/wp\/v2\/posts\/20457\/revisions\/20460"}],"wp:featuredmedia":[{"embeddable":true,"href":"https:\/\/euniv.eu\/es\/wp-json\/wp\/v2\/media\/20456"}],"wp:attachment":[{"href":"https:\/\/euniv.eu\/es\/wp-json\/wp\/v2\/media?parent=20457"}],"wp:term":[{"taxonomy":"category","embeddable":true,"href":"https:\/\/euniv.eu\/es\/wp-json\/wp\/v2\/categories?post=20457"},{"taxonomy":"post_tag","embeddable":true,"href":"https:\/\/euniv.eu\/es\/wp-json\/wp\/v2\/tags?post=20457"}],"curies":[{"name":"wp","href":"https:\/\/api.w.org\/{rel}","templated":true}]}}