{"id":20695,"date":"2026-05-31T16:47:00","date_gmt":"2026-05-31T14:47:00","guid":{"rendered":"https:\/\/euniv.eu\/?p=20695"},"modified":"2026-09-01T16:49:07","modified_gmt":"2026-09-01T14:49:07","slug":"nuevo-nombramiento-del-vicecanciller-de-la-euniv","status":"publish","type":"post","link":"https:\/\/euniv.eu\/es\/nuevo-nombramiento-del-vicecanciller-de-la-euniv\/","title":{"rendered":"Nuevo nombramiento del Vicecanciller de la eUniv"},"content":{"rendered":"\n<p class=\"wp-block-paragraph\">El d\u00eda 28 de mayo del presente a\u00f1o 2026, el Obispo de Urgell y Copr\u00edncipe de Andorra, Mons. Josep-Llu\u00eds Serrano, firm\u00f3 los nuevos nombramientos eclesi\u00e1sticos de la di\u00f3cesis, entre los que destaca el nombramiento como Rector de la Catedral de Urgell de Mons. Josep Chisvert, Vicecanciller de la eUniv, quien desde el a\u00f1o 2010 ha sido Rector de la parroquia andorrana de Sant Juli\u00e0 de L\u00f2ria.<\/p>\n\n\n\n<p class=\"wp-block-paragraph\">Mons. Chisvert, economista de formaci\u00f3n, continuar\u00e1 ejerciendo como Delegado de Ense\u00f1anza del Obispado de Urgell y pasar\u00e1 a formar parte de su Consejo Episcopal, en representaci\u00f3n de los arciprestazgos del Alt Urgell, N\u00faria-Cerdanya y Valls d\u2019Andorra.<\/p>\n\n\n\n<p class=\"wp-block-paragraph\">El Senado y la Junta Acad\u00e9mica de la eUniv hacen constar su reconocimiento a la gran labor pastoral realizada por Mons. Chisvert, as\u00ed como su agradecimiento por el apoyo que siempre ha brindado a la instituci\u00f3n, recordando que la ubicaci\u00f3n de la sede de la eUniv en la parroquia de Sant Juli\u00e0 de L\u00f2ria fue una iniciativa suya. La Universidad traslada desde aqu\u00ed su felicitaci\u00f3n institucional a Mons. Chisvert, con sus mejores deseos para una fruct\u00edfera labor en sus nuevas responsabilidades, as\u00ed como el ofrecimiento de cooperaci\u00f3n de toda la comunidad universitaria.<\/p>\n\n\n\n<figure class=\"wp-block-image size-full\"><img loading=\"lazy\" decoding=\"async\" width=\"591\" height=\"591\" src=\"https:\/\/euniv.eu\/wp-content\/uploads\/2026\/09\/Pg-WEB-4.jpg\" alt=\"\" class=\"wp-image-20691\" srcset=\"https:\/\/euniv.eu\/wp-content\/uploads\/2026\/09\/Pg-WEB-4.jpg 591w, https:\/\/euniv.eu\/wp-content\/uploads\/2026\/09\/Pg-WEB-4-300x300.jpg 300w, https:\/\/euniv.eu\/wp-content\/uploads\/2026\/09\/Pg-WEB-4-150x150.jpg 150w\" sizes=\"auto, (max-width: 591px) 100vw, 591px\" \/><\/figure>\n","protected":false},"excerpt":{"rendered":"<p>El d\u00eda 28 de mayo del presente a\u00f1o 2026, el Obispo de Urgell y Copr\u00edncipe de Andorra, Mons. Josep-Llu\u00eds Serrano, firm\u00f3 los nuevos nombramientos eclesi\u00e1sticos de la di\u00f3cesis, entre los que destaca el nombramiento como Rector de la Catedral de Urgell de Mons. Josep Chisvert, Vicecanciller de la eUniv, quien desde el a\u00f1o 2010 ha sido Rector de la parroquia andorrana de Sant Juli\u00e0 de L\u00f2ria.<\/p>\n","protected":false},"author":2,"featured_media":20691,"comment_status":"closed","ping_status":"open","sticky":false,"template":"","format":"standard","meta":{"_editorskit_title_hidden":false,"_editorskit_reading_time":0,"_editorskit_is_block_options_detached":false,"_editorskit_block_options_position":"{}","inline_featured_image":false,"footnotes":""},"categories":[26],"tags":[],"class_list":["post-20695","post","type-post","status-publish","format-standard","has-post-thumbnail","hentry","category-noticias","with-featured-image"],"featured_image_src":"https:\/\/euniv.eu\/wp-content\/uploads\/2026\/09\/Pg-WEB-4-591x400.jpg","featured_image_src_square":"https:\/\/euniv.eu\/wp-content\/uploads\/2026\/09\/Pg-WEB-4.jpg","author_info":{"display_name":"admin_euniv","author_link":"https:\/\/euniv.eu\/es\/author\/admin_euniv\/"},"_links":{"self":[{"href":"https:\/\/euniv.eu\/es\/wp-json\/wp\/v2\/posts\/20695","targetHints":{"allow":["GET"]}}],"collection":[{"href":"https:\/\/euniv.eu\/es\/wp-json\/wp\/v2\/posts"}],"about":[{"href":"https:\/\/euniv.eu\/es\/wp-json\/wp\/v2\/types\/post"}],"author":[{"embeddable":true,"href":"https:\/\/euniv.eu\/es\/wp-json\/wp\/v2\/users\/2"}],"replies":[{"embeddable":true,"href":"https:\/\/euniv.eu\/es\/wp-json\/wp\/v2\/comments?post=20695"}],"version-history":[{"count":1,"href":"https:\/\/euniv.eu\/es\/wp-json\/wp\/v2\/posts\/20695\/revisions"}],"predecessor-version":[{"id":20696,"href":"https:\/\/euniv.eu\/es\/wp-json\/wp\/v2\/posts\/20695\/revisions\/20696"}],"wp:featuredmedia":[{"embeddable":true,"href":"https:\/\/euniv.eu\/es\/wp-json\/wp\/v2\/media\/20691"}],"wp:attachment":[{"href":"https:\/\/euniv.eu\/es\/wp-json\/wp\/v2\/media?parent=20695"}],"wp:term":[{"taxonomy":"category","embeddable":true,"href":"https:\/\/euniv.eu\/es\/wp-json\/wp\/v2\/categories?post=20695"},{"taxonomy":"post_tag","embeddable":true,"href":"https:\/\/euniv.eu\/es\/wp-json\/wp\/v2\/tags?post=20695"}],"curies":[{"name":"wp","href":"https:\/\/api.w.org\/{rel}","templated":true}]}}