{"id":20705,"date":"2026-06-15T17:00:00","date_gmt":"2026-06-15T15:00:00","guid":{"rendered":"https:\/\/euniv.eu\/?p=20705"},"modified":"2026-09-01T17:02:01","modified_gmt":"2026-09-01T15:02:01","slug":"josep-maria-sans-i-trave-in-memoriam","status":"publish","type":"post","link":"https:\/\/euniv.eu\/es\/josep-maria-sans-i-trave-in-memoriam\/","title":{"rendered":"Josep Maria Sans i Trav\u00e9: In memoriam"},"content":{"rendered":"\n<p class=\"wp-block-paragraph\">En la madrugada del domingo 14 de junio de 2026 falleci\u00f3 el Dr. Josep M. Sans i Trav\u00e9, miembro del Senado Acad\u00e9mico de la eUniv desde su creaci\u00f3n. Con \u00e9l, la Universidad pierde a una de las personas que m\u00e1s ha cre\u00eddo en el proyecto y que m\u00e1s activamente le ha prestado su apoyo.<\/p>\n\n\n\n<p class=\"wp-block-paragraph\">La cultura catalana pierde a un historiador riguroso e incansable, a un archivero con visi\u00f3n institucional y a un excepcional gestor del patrimonio cultural. El Dr. Sans fue un verdadero <em>homenot<\/em>, dotado del talento de convertir en hechos las iniciativas propias y ajenas, y de hacerlo con una eficacia casi proverbial. Desde el Archivo Nacional de Catalu\u00f1a hasta la red comarcal de archivos hist\u00f3ricos; desde la ley de mayor alcance hasta la resoluci\u00f3n m\u00e1s concreta; desde el congreso m\u00e1s importante hasta el seminario m\u00e1s especializado; desde la tesis doctoral m\u00e1s trascendente hasta la monograf\u00eda hist\u00f3rica m\u00e1s local: en todas estas dimensiones, la mano del Dr. Sans i Trav\u00e9 estuvo presente, de forma bien visible, durante d\u00e9cadas.<\/p>\n\n\n\n<p class=\"wp-block-paragraph\">Su legado es tan inmenso como admirable. Seguramente, las generaciones futuras valorar\u00e1n su figura como la del \u201cseny ordenador\u201d que dirigi\u00f3 la operaci\u00f3n de salvaguarda de nuestra memoria documental colectiva, desde el restablecimiento del autogobierno catal\u00e1n hasta bien entrado el siglo XXI. La Universidad Europea IMF, por su parte, lo tendr\u00e1 siempre presente como uno de sus senadores m\u00e1s insignes, efusivo y positivo en todo momento, que nos ha dejado demasiado pronto. Desde aqu\u00ed expresamos nuestro agradecimiento y trasladamos nuestro m\u00e1s sentido p\u00e9same a su familia.<\/p>\n\n\n\n<p class=\"wp-block-paragraph\">Descansa en paz, Josep Maria.<\/p>\n\n\n\n<figure class=\"wp-block-image size-full\"><img loading=\"lazy\" decoding=\"async\" width=\"591\" height=\"591\" src=\"https:\/\/euniv.eu\/wp-content\/uploads\/2026\/09\/Pg-WEB-6.jpg\" alt=\"\" class=\"wp-image-20706\" srcset=\"https:\/\/euniv.eu\/wp-content\/uploads\/2026\/09\/Pg-WEB-6.jpg 591w, https:\/\/euniv.eu\/wp-content\/uploads\/2026\/09\/Pg-WEB-6-300x300.jpg 300w, https:\/\/euniv.eu\/wp-content\/uploads\/2026\/09\/Pg-WEB-6-150x150.jpg 150w\" sizes=\"auto, (max-width: 591px) 100vw, 591px\" \/><\/figure>\n","protected":false},"excerpt":{"rendered":"<p>En la madrugada del domingo 14 de junio de 2026 falleci\u00f3 el Dr. Josep M. Sans i Trav\u00e9, miembro del Senado Acad\u00e9mico de la eUniv desde su creaci\u00f3n. Con \u00e9l, la Universidad pierde a una de las personas que m\u00e1s ha cre\u00eddo en el proyecto y que m\u00e1s activamente le ha prestado su apoyo.<\/p>\n","protected":false},"author":2,"featured_media":20706,"comment_status":"closed","ping_status":"open","sticky":false,"template":"","format":"standard","meta":{"_editorskit_title_hidden":false,"_editorskit_reading_time":0,"_editorskit_is_block_options_detached":false,"_editorskit_block_options_position":"{}","inline_featured_image":false,"footnotes":""},"categories":[26],"tags":[],"class_list":["post-20705","post","type-post","status-publish","format-standard","has-post-thumbnail","hentry","category-noticias","with-featured-image"],"featured_image_src":"https:\/\/euniv.eu\/wp-content\/uploads\/2026\/09\/Pg-WEB-6-591x400.jpg","featured_image_src_square":"https:\/\/euniv.eu\/wp-content\/uploads\/2026\/09\/Pg-WEB-6.jpg","author_info":{"display_name":"admin_euniv","author_link":"https:\/\/euniv.eu\/es\/author\/admin_euniv\/"},"_links":{"self":[{"href":"https:\/\/euniv.eu\/es\/wp-json\/wp\/v2\/posts\/20705","targetHints":{"allow":["GET"]}}],"collection":[{"href":"https:\/\/euniv.eu\/es\/wp-json\/wp\/v2\/posts"}],"about":[{"href":"https:\/\/euniv.eu\/es\/wp-json\/wp\/v2\/types\/post"}],"author":[{"embeddable":true,"href":"https:\/\/euniv.eu\/es\/wp-json\/wp\/v2\/users\/2"}],"replies":[{"embeddable":true,"href":"https:\/\/euniv.eu\/es\/wp-json\/wp\/v2\/comments?post=20705"}],"version-history":[{"count":1,"href":"https:\/\/euniv.eu\/es\/wp-json\/wp\/v2\/posts\/20705\/revisions"}],"predecessor-version":[{"id":20708,"href":"https:\/\/euniv.eu\/es\/wp-json\/wp\/v2\/posts\/20705\/revisions\/20708"}],"wp:featuredmedia":[{"embeddable":true,"href":"https:\/\/euniv.eu\/es\/wp-json\/wp\/v2\/media\/20706"}],"wp:attachment":[{"href":"https:\/\/euniv.eu\/es\/wp-json\/wp\/v2\/media?parent=20705"}],"wp:term":[{"taxonomy":"category","embeddable":true,"href":"https:\/\/euniv.eu\/es\/wp-json\/wp\/v2\/categories?post=20705"},{"taxonomy":"post_tag","embeddable":true,"href":"https:\/\/euniv.eu\/es\/wp-json\/wp\/v2\/tags?post=20705"}],"curies":[{"name":"wp","href":"https:\/\/api.w.org\/{rel}","templated":true}]}}