{"id":20714,"date":"2026-07-07T17:12:00","date_gmt":"2026-07-07T15:12:00","guid":{"rendered":"https:\/\/euniv.eu\/?p=20714"},"modified":"2026-09-01T17:13:57","modified_gmt":"2026-09-01T15:13:57","slug":"convenio-de-la-euniv-con-la-universidad-de-deusto","status":"publish","type":"post","link":"https:\/\/euniv.eu\/es\/convenio-de-la-euniv-con-la-universidad-de-deusto\/","title":{"rendered":"Convenio de la eUniv con la Universidad de Deusto"},"content":{"rendered":"\n<p class=\"wp-block-paragraph\">El Director del Instituto Universitario de Tecnolog\u00eda Aplicada de la eUniv (IUTA), Joaquim Vall\u00e8s, firm\u00f3 el 8 de mayo de 2026 un acuerdo marco de cooperaci\u00f3n entre su centro y la <a href=\"https:\/\/www.deusto.es\/es\/inicio\/somos-deusto\/facultades\/ingenieria\" target=\"_blank\" rel=\"noreferrer noopener\">Facultad de Ingenier\u00eda de la Universidad de Deusto<\/a>.<\/p>\n\n\n\n<p class=\"wp-block-paragraph\">Este convenio permitir\u00e1 al IUTA desarrollar, conjuntamente con el prestigioso centro vasco, proyectos de investigaci\u00f3n y programas formativos especializados, as\u00ed como facilitar el intercambio de profesorado y alumnado de las distintas ense\u00f1anzas, incluidos los programas de doctorado.<\/p>\n\n\n\n<p class=\"wp-block-paragraph\">Para la eUniv, este convenio constituye un paso muy significativo en el camino hacia el pleno reconocimiento acad\u00e9mico de la instituci\u00f3n en el \u00e1mbito universitario internacional, que muy pronto se ver\u00e1 reforzado con otros convenios que actualmente se encuentran en proceso de negociaci\u00f3n.<\/p>\n\n\n\n<figure class=\"wp-block-image size-full\"><img loading=\"lazy\" decoding=\"async\" width=\"591\" height=\"591\" src=\"https:\/\/euniv.eu\/wp-content\/uploads\/2026\/09\/Pg-WEB-7.jpg\" alt=\"\" class=\"wp-image-20715\" srcset=\"https:\/\/euniv.eu\/wp-content\/uploads\/2026\/09\/Pg-WEB-7.jpg 591w, https:\/\/euniv.eu\/wp-content\/uploads\/2026\/09\/Pg-WEB-7-300x300.jpg 300w, https:\/\/euniv.eu\/wp-content\/uploads\/2026\/09\/Pg-WEB-7-150x150.jpg 150w\" sizes=\"auto, (max-width: 591px) 100vw, 591px\" \/><\/figure>\n","protected":false},"excerpt":{"rendered":"<p>El Director del Instituto Universitario de Tecnolog\u00eda Aplicada de la eUniv (IUTA), Joaquim Vall\u00e8s, firm\u00f3 el 8 de mayo de 2026 un acuerdo marco de cooperaci\u00f3n entre su centro y la Facultad de Ingenier\u00eda de la Universidad de Deusto.<\/p>\n","protected":false},"author":2,"featured_media":20715,"comment_status":"closed","ping_status":"open","sticky":false,"template":"","format":"standard","meta":{"_editorskit_title_hidden":false,"_editorskit_reading_time":0,"_editorskit_is_block_options_detached":false,"_editorskit_block_options_position":"{}","inline_featured_image":false,"footnotes":""},"categories":[26],"tags":[],"class_list":["post-20714","post","type-post","status-publish","format-standard","has-post-thumbnail","hentry","category-noticias","with-featured-image"],"featured_image_src":"https:\/\/euniv.eu\/wp-content\/uploads\/2026\/09\/Pg-WEB-7-591x400.jpg","featured_image_src_square":"https:\/\/euniv.eu\/wp-content\/uploads\/2026\/09\/Pg-WEB-7.jpg","author_info":{"display_name":"admin_euniv","author_link":"https:\/\/euniv.eu\/es\/author\/admin_euniv\/"},"_links":{"self":[{"href":"https:\/\/euniv.eu\/es\/wp-json\/wp\/v2\/posts\/20714","targetHints":{"allow":["GET"]}}],"collection":[{"href":"https:\/\/euniv.eu\/es\/wp-json\/wp\/v2\/posts"}],"about":[{"href":"https:\/\/euniv.eu\/es\/wp-json\/wp\/v2\/types\/post"}],"author":[{"embeddable":true,"href":"https:\/\/euniv.eu\/es\/wp-json\/wp\/v2\/users\/2"}],"replies":[{"embeddable":true,"href":"https:\/\/euniv.eu\/es\/wp-json\/wp\/v2\/comments?post=20714"}],"version-history":[{"count":1,"href":"https:\/\/euniv.eu\/es\/wp-json\/wp\/v2\/posts\/20714\/revisions"}],"predecessor-version":[{"id":20717,"href":"https:\/\/euniv.eu\/es\/wp-json\/wp\/v2\/posts\/20714\/revisions\/20717"}],"wp:featuredmedia":[{"embeddable":true,"href":"https:\/\/euniv.eu\/es\/wp-json\/wp\/v2\/media\/20715"}],"wp:attachment":[{"href":"https:\/\/euniv.eu\/es\/wp-json\/wp\/v2\/media?parent=20714"}],"wp:term":[{"taxonomy":"category","embeddable":true,"href":"https:\/\/euniv.eu\/es\/wp-json\/wp\/v2\/categories?post=20714"},{"taxonomy":"post_tag","embeddable":true,"href":"https:\/\/euniv.eu\/es\/wp-json\/wp\/v2\/tags?post=20714"}],"curies":[{"name":"wp","href":"https:\/\/api.w.org\/{rel}","templated":true}]}}