{"id":20735,"date":"2026-07-11T17:32:00","date_gmt":"2026-07-11T15:32:00","guid":{"rendered":"https:\/\/euniv.eu\/?p=20735"},"modified":"2026-09-01T17:33:55","modified_gmt":"2026-09-01T15:33:55","slug":"75-o-aniversario-del-instituto-de-estudios-norteamericanos","status":"publish","type":"post","link":"https:\/\/euniv.eu\/es\/75-o-aniversario-del-instituto-de-estudios-norteamericanos\/","title":{"rendered":"75.\u00ba aniversario del Instituto de Estudios Norteamericanos"},"content":{"rendered":"\n<p class=\"wp-block-paragraph\">El viernes 3 de julio de 2026 tuvo lugar la conmemoraci\u00f3n del 75.\u00ba aniversario del Instituto de Estudios Norteamericanos (IEN), fundado en Barcelona en 1951, inicialmente como asociaci\u00f3n civil y transformado en 2006 en una fundaci\u00f3n privada.<\/p>\n\n\n\n<p class=\"wp-block-paragraph\">El Rector de la eUniv, Dr. Antoni Noguero, miembro del Patronato del IEN, particip\u00f3 en el acto de celebraci\u00f3n, durante el cual se hizo entrega al Dr. Joan Massagu\u00e9, reconocido onc\u00f3logo y bioqu\u00edmico catal\u00e1n que actualmente dirige el Sloan Kettering Institute de Nueva York, del Premio J. F. Kennedy que otorga el IEN.<\/p>\n\n\n\n<p class=\"wp-block-paragraph\">En el mismo acto se present\u00f3 un libro conmemorativo del primero de los Premios Kennedy, concedido a Pau Casals en 1966.<\/p>\n\n\n\n<p class=\"wp-block-paragraph\">La eUniv colabora con el IEN acogiendo anualmente en su sede andorrana la presentaci\u00f3n de los estudios superiores norteamericanos dirigida a las familias andorranas.<\/p>\n\n\n\n<figure class=\"wp-block-image size-full\"><img loading=\"lazy\" decoding=\"async\" width=\"591\" height=\"591\" src=\"https:\/\/euniv.eu\/wp-content\/uploads\/2026\/09\/Pg-WEB-9.jpg\" alt=\"\" class=\"wp-image-20736\" srcset=\"https:\/\/euniv.eu\/wp-content\/uploads\/2026\/09\/Pg-WEB-9.jpg 591w, https:\/\/euniv.eu\/wp-content\/uploads\/2026\/09\/Pg-WEB-9-300x300.jpg 300w, https:\/\/euniv.eu\/wp-content\/uploads\/2026\/09\/Pg-WEB-9-150x150.jpg 150w\" sizes=\"auto, (max-width: 591px) 100vw, 591px\" \/><\/figure>\n","protected":false},"excerpt":{"rendered":"<p>El Rector de la eUniv, Dr. Antoni Noguero, miembro del Patronato del IEN, particip\u00f3 en el acto de celebraci\u00f3n, durante el cual se hizo entrega al Dr. Joan Massagu\u00e9, reconocido onc\u00f3logo y bioqu\u00edmico catal\u00e1n que actualmente dirige el Sloan Kettering Institute de Nueva York, del Premio J. F. Kennedy que otorga el IEN.<\/p>\n","protected":false},"author":2,"featured_media":20736,"comment_status":"closed","ping_status":"open","sticky":false,"template":"","format":"standard","meta":{"_editorskit_title_hidden":false,"_editorskit_reading_time":0,"_editorskit_is_block_options_detached":false,"_editorskit_block_options_position":"{}","inline_featured_image":false,"footnotes":""},"categories":[26],"tags":[],"class_list":["post-20735","post","type-post","status-publish","format-standard","has-post-thumbnail","hentry","category-noticias","with-featured-image"],"featured_image_src":"https:\/\/euniv.eu\/wp-content\/uploads\/2026\/09\/Pg-WEB-9-591x400.jpg","featured_image_src_square":"https:\/\/euniv.eu\/wp-content\/uploads\/2026\/09\/Pg-WEB-9.jpg","author_info":{"display_name":"admin_euniv","author_link":"https:\/\/euniv.eu\/es\/author\/admin_euniv\/"},"_links":{"self":[{"href":"https:\/\/euniv.eu\/es\/wp-json\/wp\/v2\/posts\/20735","targetHints":{"allow":["GET"]}}],"collection":[{"href":"https:\/\/euniv.eu\/es\/wp-json\/wp\/v2\/posts"}],"about":[{"href":"https:\/\/euniv.eu\/es\/wp-json\/wp\/v2\/types\/post"}],"author":[{"embeddable":true,"href":"https:\/\/euniv.eu\/es\/wp-json\/wp\/v2\/users\/2"}],"replies":[{"embeddable":true,"href":"https:\/\/euniv.eu\/es\/wp-json\/wp\/v2\/comments?post=20735"}],"version-history":[{"count":1,"href":"https:\/\/euniv.eu\/es\/wp-json\/wp\/v2\/posts\/20735\/revisions"}],"predecessor-version":[{"id":20738,"href":"https:\/\/euniv.eu\/es\/wp-json\/wp\/v2\/posts\/20735\/revisions\/20738"}],"wp:featuredmedia":[{"embeddable":true,"href":"https:\/\/euniv.eu\/es\/wp-json\/wp\/v2\/media\/20736"}],"wp:attachment":[{"href":"https:\/\/euniv.eu\/es\/wp-json\/wp\/v2\/media?parent=20735"}],"wp:term":[{"taxonomy":"category","embeddable":true,"href":"https:\/\/euniv.eu\/es\/wp-json\/wp\/v2\/categories?post=20735"},{"taxonomy":"post_tag","embeddable":true,"href":"https:\/\/euniv.eu\/es\/wp-json\/wp\/v2\/tags?post=20735"}],"curies":[{"name":"wp","href":"https:\/\/api.w.org\/{rel}","templated":true}]}}