{"id":20758,"date":"2026-07-19T17:50:00","date_gmt":"2026-07-19T15:50:00","guid":{"rendered":"https:\/\/euniv.eu\/?p=20758"},"modified":"2026-09-01T17:53:06","modified_gmt":"2026-09-01T15:53:06","slug":"la-universidad-europea-celebra-con-exito-la-graduacion-de-su-tercera-promocion-ante-un-auditori-claror-lleno-a-rebosar","status":"publish","type":"post","link":"https:\/\/euniv.eu\/es\/la-universidad-europea-celebra-con-exito-la-graduacion-de-su-tercera-promocion-ante-un-auditori-claror-lleno-a-rebosar\/","title":{"rendered":"La Universidad Europea celebra con \u00e9xito la graduaci\u00f3n de su tercera promoci\u00f3n ante un Auditori Claror lleno a rebosar"},"content":{"rendered":"\n<p class=\"wp-block-paragraph\"><strong>Sant Juli\u00e0 de L\u00f2ria, 19 de julio de 2026.<\/strong> La Universitat Europea (eUniv) celebr\u00f3 ayer por la tarde el Acto de Graduaci\u00f3n de la tercera promoci\u00f3n de la instituci\u00f3n, una ceremonia que reuni\u00f3 a m\u00e1s de 100 alumnos y cerca de 400 asistentes en el Auditori Claror del Centre Cultural i de Congressos Lauredi\u00e0, que registr\u00f3 un lleno absoluto. El acto, iniciado a las 18.30 horas, puso de manifiesto la consolidaci\u00f3n del proyecto universitario seis a\u00f1os despu\u00e9s de su implantaci\u00f3n en Andorra y reuni\u00f3 a estudiantes procedentes tanto del Principat como de otros lugares del mundo.<\/p>\n\n\n\n<p class=\"wp-block-paragraph\">La ceremonia estuvo presidida por el rector de la Universitat Europea, <strong>Dr. Antoni Noguero<\/strong>, y cont\u00f3 con la participaci\u00f3n del <strong>Dr. Jes\u00fas M. Pruj\u00e0<\/strong>, canciller de la Universitat Europea; del <strong>Sr. Albert Moles<\/strong>, presidente de Andorra Cluster de la Tecnologia i la Innovaci\u00f3 (ACTINN), padrino de la promoci\u00f3n; y del <strong>Dr. Isaac Galobardes<\/strong>, director de la Ag\u00e8ncia de Qualitat de l&#8217;Ensenyament Superior d&#8217;Andorra (AQUA), quienes integraron la mesa presidencial del acto.<\/p>\n\n\n\n<p class=\"wp-block-paragraph\">Uno de los momentos m\u00e1s emotivos de la ceremonia fue el discurso en representaci\u00f3n del alumnado, pronunciado por la <strong>Sra. Eva Choy<\/strong>, graduada del M\u00e0ster en Business Administration (MBA), directora de l&#8217;Escola Andorrana de Sant Juli\u00e0 y ex c\u00f3nsul menor de Ordino, quien puso en valor el esfuerzo, la constancia y el compromiso compartido por los estudiantes a lo largo de su recorrido acad\u00e9mico.<\/p>\n\n\n\n<p class=\"wp-block-paragraph\">Durante el acto se llev\u00f3 a cabo la imposici\u00f3n de becas a los graduados y graduadas, as\u00ed como la imposici\u00f3n de las medallas doctorales a los dos nuevos doctores de la Universitat Europea que han defendido con \u00e9xito su tesis doctoral durante este curso acad\u00e9mico: el <strong>Dr. Rodrigo Cabedo<\/strong> y la <strong>Dra. \u00c1ngeles Corredor<\/strong>. La ceremonia concluy\u00f3 con las tradicionales fotograf\u00edas institucionales de promoci\u00f3n, en un ambiente de emoci\u00f3n, orgullo y celebraci\u00f3n compartida por toda la comunidad universitaria.<\/p>\n\n\n\n<h2 class=\"wp-block-heading\"><strong>Una universidad en plena consolidaci\u00f3n<\/strong><\/h2>\n\n\n\n<p class=\"wp-block-paragraph\">Coincidiendo con la graduaci\u00f3n, la Universitat Europea contin\u00faa consolidando su crecimiento institucional. Actualmente, la instituci\u00f3n ofrece cerca de una veintena de titulaciones y ya ha formado a m\u00e1s de un centenar de titulados, dentro de una comunidad de m\u00e1s de medio millar de estudiantes que han pasado por la universidad desde el a\u00f1o 2020, tanto en modalidad presencial como en l\u00ednea.<\/p>\n\n\n\n<p class=\"wp-block-paragraph\">En este sentido, el secretario acad\u00e9mico de la Universitat Europea, <strong>Dr. Marc Escol\u00e0<\/strong>, destac\u00f3 el compromiso de la instituci\u00f3n con el pa\u00eds:<\/p>\n\n\n\n<p class=\"wp-block-paragraph\">\u00abEs una apuesta institucional, no somos ninguna empresa ni nada que se le parezca y, por tanto, hemos realizado un gran n\u00famero de inversiones en el pa\u00eds. Tenemos una plantilla de 92 profesores ya trabajando.\u00bb<\/p>\n\n\n\n<p class=\"wp-block-paragraph\">El Dr. Escol\u00e0 tambi\u00e9n valor\u00f3 positivamente la reforma legislativa en materia de ense\u00f1anza superior impulsada en el Principat:<\/p>\n\n\n\n<p class=\"wp-block-paragraph\">\u00abLa reforma que se ha presentado al Consell General mejora much\u00edsimo la situaci\u00f3n actual. Y el posterior desarrollo que habr\u00e1 de esta ley espero que todav\u00eda la mejore mucho m\u00e1s.\u00bb<\/p>\n\n\n\n<p class=\"wp-block-paragraph\">Estas declaraciones reflejan la voluntad de la Universitat Europea de continuar contribuyendo al desarrollo del sistema universitario andorrano y a su posicionamiento internacional.<\/p>\n\n\n\n<p class=\"wp-block-paragraph\">La Universitat Europea agradece la presencia de todas las autoridades acad\u00e9micas, representantes institucionales, profesorado, familias y amistades que quisieron acompa\u00f1ar a los nuevos graduados en una jornada tan especial, as\u00ed como la confianza depositada por los estudiantes que, desde Andorra y desde diferentes pa\u00edses del mundo, han escogido la instituci\u00f3n para desarrollar su proyecto formativo.<\/p>\n\n\n\n<p class=\"wp-block-paragraph\">La celebraci\u00f3n de esta tercera promoci\u00f3n representa un nuevo paso en la consolidaci\u00f3n de la Universitat Europea como una instituci\u00f3n de ense\u00f1anza superior comprometida con la excelencia acad\u00e9mica, la internacionalizaci\u00f3n y el servicio al pa\u00eds.<\/p>\n\n\n\n<figure class=\"wp-block-gallery has-nested-images columns-default is-cropped wp-block-gallery-1 is-layout-flex wp-block-gallery-is-layout-flex\">\n<figure class=\"wp-block-image\"><img loading=\"lazy\" decoding=\"async\" width=\"2400\" height=\"1600\" data-id=\"20759\" src=\"https:\/\/euniv.eu\/wp-content\/uploads\/2026\/09\/260718-Graduatio_26-L-258.jpg\" alt=\"\" class=\"wp-image-20759\" srcset=\"https:\/\/euniv.eu\/wp-content\/uploads\/2026\/09\/260718-Graduatio_26-L-258.jpg 2400w, https:\/\/euniv.eu\/wp-content\/uploads\/2026\/09\/260718-Graduatio_26-L-258-300x200.jpg 300w, https:\/\/euniv.eu\/wp-content\/uploads\/2026\/09\/260718-Graduatio_26-L-258-1024x683.jpg 1024w, https:\/\/euniv.eu\/wp-content\/uploads\/2026\/09\/260718-Graduatio_26-L-258-768x512.jpg 768w, https:\/\/euniv.eu\/wp-content\/uploads\/2026\/09\/260718-Graduatio_26-L-258-1536x1024.jpg 1536w, https:\/\/euniv.eu\/wp-content\/uploads\/2026\/09\/260718-Graduatio_26-L-258-2048x1365.jpg 2048w, https:\/\/euniv.eu\/wp-content\/uploads\/2026\/09\/260718-Graduatio_26-L-258-600x400.jpg 600w, https:\/\/euniv.eu\/wp-content\/uploads\/2026\/09\/260718-Graduatio_26-L-258-1200x800.jpg 1200w, https:\/\/euniv.eu\/wp-content\/uploads\/2026\/09\/260718-Graduatio_26-L-258-1400x933.jpg 1400w\" sizes=\"auto, (max-width: 2400px) 100vw, 2400px\" \/><\/figure>\n\n\n\n<figure class=\"wp-block-image\"><img loading=\"lazy\" decoding=\"async\" width=\"2400\" height=\"1600\" data-id=\"20760\" src=\"https:\/\/euniv.eu\/wp-content\/uploads\/2026\/09\/260718-Graduatio_26-L-256.jpg\" alt=\"\" class=\"wp-image-20760\" srcset=\"https:\/\/euniv.eu\/wp-content\/uploads\/2026\/09\/260718-Graduatio_26-L-256.jpg 2400w, https:\/\/euniv.eu\/wp-content\/uploads\/2026\/09\/260718-Graduatio_26-L-256-300x200.jpg 300w, https:\/\/euniv.eu\/wp-content\/uploads\/2026\/09\/260718-Graduatio_26-L-256-1024x683.jpg 1024w, https:\/\/euniv.eu\/wp-content\/uploads\/2026\/09\/260718-Graduatio_26-L-256-768x512.jpg 768w, https:\/\/euniv.eu\/wp-content\/uploads\/2026\/09\/260718-Graduatio_26-L-256-1536x1024.jpg 1536w, https:\/\/euniv.eu\/wp-content\/uploads\/2026\/09\/260718-Graduatio_26-L-256-2048x1365.jpg 2048w, https:\/\/euniv.eu\/wp-content\/uploads\/2026\/09\/260718-Graduatio_26-L-256-600x400.jpg 600w, https:\/\/euniv.eu\/wp-content\/uploads\/2026\/09\/260718-Graduatio_26-L-256-1200x800.jpg 1200w, https:\/\/euniv.eu\/wp-content\/uploads\/2026\/09\/260718-Graduatio_26-L-256-1400x933.jpg 1400w\" sizes=\"auto, (max-width: 2400px) 100vw, 2400px\" \/><\/figure>\n\n\n\n<figure class=\"wp-block-image\"><img loading=\"lazy\" decoding=\"async\" width=\"2400\" height=\"1600\" data-id=\"20761\" src=\"https:\/\/euniv.eu\/wp-content\/uploads\/2026\/09\/260718-Graduatio_26-L-244.jpg\" alt=\"\" class=\"wp-image-20761\" srcset=\"https:\/\/euniv.eu\/wp-content\/uploads\/2026\/09\/260718-Graduatio_26-L-244.jpg 2400w, https:\/\/euniv.eu\/wp-content\/uploads\/2026\/09\/260718-Graduatio_26-L-244-300x200.jpg 300w, https:\/\/euniv.eu\/wp-content\/uploads\/2026\/09\/260718-Graduatio_26-L-244-1024x683.jpg 1024w, https:\/\/euniv.eu\/wp-content\/uploads\/2026\/09\/260718-Graduatio_26-L-244-768x512.jpg 768w, https:\/\/euniv.eu\/wp-content\/uploads\/2026\/09\/260718-Graduatio_26-L-244-1536x1024.jpg 1536w, https:\/\/euniv.eu\/wp-content\/uploads\/2026\/09\/260718-Graduatio_26-L-244-2048x1365.jpg 2048w, https:\/\/euniv.eu\/wp-content\/uploads\/2026\/09\/260718-Graduatio_26-L-244-600x400.jpg 600w, https:\/\/euniv.eu\/wp-content\/uploads\/2026\/09\/260718-Graduatio_26-L-244-1200x800.jpg 1200w, https:\/\/euniv.eu\/wp-content\/uploads\/2026\/09\/260718-Graduatio_26-L-244-1400x933.jpg 1400w\" sizes=\"auto, (max-width: 2400px) 100vw, 2400px\" \/><\/figure>\n\n\n\n<figure class=\"wp-block-image\"><img loading=\"lazy\" decoding=\"async\" width=\"2400\" height=\"1600\" data-id=\"20762\" src=\"https:\/\/euniv.eu\/wp-content\/uploads\/2026\/09\/260718-Graduatio_26-L-164.jpg\" alt=\"\" class=\"wp-image-20762\" srcset=\"https:\/\/euniv.eu\/wp-content\/uploads\/2026\/09\/260718-Graduatio_26-L-164.jpg 2400w, https:\/\/euniv.eu\/wp-content\/uploads\/2026\/09\/260718-Graduatio_26-L-164-300x200.jpg 300w, https:\/\/euniv.eu\/wp-content\/uploads\/2026\/09\/260718-Graduatio_26-L-164-1024x683.jpg 1024w, https:\/\/euniv.eu\/wp-content\/uploads\/2026\/09\/260718-Graduatio_26-L-164-768x512.jpg 768w, https:\/\/euniv.eu\/wp-content\/uploads\/2026\/09\/260718-Graduatio_26-L-164-1536x1024.jpg 1536w, https:\/\/euniv.eu\/wp-content\/uploads\/2026\/09\/260718-Graduatio_26-L-164-2048x1365.jpg 2048w, https:\/\/euniv.eu\/wp-content\/uploads\/2026\/09\/260718-Graduatio_26-L-164-600x400.jpg 600w, https:\/\/euniv.eu\/wp-content\/uploads\/2026\/09\/260718-Graduatio_26-L-164-1200x800.jpg 1200w, https:\/\/euniv.eu\/wp-content\/uploads\/2026\/09\/260718-Graduatio_26-L-164-1400x933.jpg 1400w\" sizes=\"auto, (max-width: 2400px) 100vw, 2400px\" \/><\/figure>\n\n\n\n<figure class=\"wp-block-image\"><img loading=\"lazy\" decoding=\"async\" width=\"2400\" height=\"1600\" data-id=\"20763\" src=\"https:\/\/euniv.eu\/wp-content\/uploads\/2026\/09\/260718-Graduatio_26-L-073.jpg\" alt=\"\" class=\"wp-image-20763\" srcset=\"https:\/\/euniv.eu\/wp-content\/uploads\/2026\/09\/260718-Graduatio_26-L-073.jpg 2400w, https:\/\/euniv.eu\/wp-content\/uploads\/2026\/09\/260718-Graduatio_26-L-073-300x200.jpg 300w, https:\/\/euniv.eu\/wp-content\/uploads\/2026\/09\/260718-Graduatio_26-L-073-1024x683.jpg 1024w, https:\/\/euniv.eu\/wp-content\/uploads\/2026\/09\/260718-Graduatio_26-L-073-768x512.jpg 768w, https:\/\/euniv.eu\/wp-content\/uploads\/2026\/09\/260718-Graduatio_26-L-073-1536x1024.jpg 1536w, https:\/\/euniv.eu\/wp-content\/uploads\/2026\/09\/260718-Graduatio_26-L-073-2048x1365.jpg 2048w, https:\/\/euniv.eu\/wp-content\/uploads\/2026\/09\/260718-Graduatio_26-L-073-600x400.jpg 600w, https:\/\/euniv.eu\/wp-content\/uploads\/2026\/09\/260718-Graduatio_26-L-073-1200x800.jpg 1200w, https:\/\/euniv.eu\/wp-content\/uploads\/2026\/09\/260718-Graduatio_26-L-073-1400x933.jpg 1400w\" sizes=\"auto, (max-width: 2400px) 100vw, 2400px\" \/><\/figure>\n\n\n\n<figure class=\"wp-block-image\"><img loading=\"lazy\" decoding=\"async\" width=\"2400\" height=\"1600\" data-id=\"20764\" src=\"https:\/\/euniv.eu\/wp-content\/uploads\/2026\/09\/260718-Graduatio_26-L-068.jpg\" alt=\"\" class=\"wp-image-20764\" srcset=\"https:\/\/euniv.eu\/wp-content\/uploads\/2026\/09\/260718-Graduatio_26-L-068.jpg 2400w, https:\/\/euniv.eu\/wp-content\/uploads\/2026\/09\/260718-Graduatio_26-L-068-300x200.jpg 300w, https:\/\/euniv.eu\/wp-content\/uploads\/2026\/09\/260718-Graduatio_26-L-068-1024x683.jpg 1024w, https:\/\/euniv.eu\/wp-content\/uploads\/2026\/09\/260718-Graduatio_26-L-068-768x512.jpg 768w, https:\/\/euniv.eu\/wp-content\/uploads\/2026\/09\/260718-Graduatio_26-L-068-1536x1024.jpg 1536w, https:\/\/euniv.eu\/wp-content\/uploads\/2026\/09\/260718-Graduatio_26-L-068-2048x1365.jpg 2048w, https:\/\/euniv.eu\/wp-content\/uploads\/2026\/09\/260718-Graduatio_26-L-068-600x400.jpg 600w, https:\/\/euniv.eu\/wp-content\/uploads\/2026\/09\/260718-Graduatio_26-L-068-1200x800.jpg 1200w, https:\/\/euniv.eu\/wp-content\/uploads\/2026\/09\/260718-Graduatio_26-L-068-1400x933.jpg 1400w\" sizes=\"auto, (max-width: 2400px) 100vw, 2400px\" \/><\/figure>\n\n\n\n<figure class=\"wp-block-image\"><img loading=\"lazy\" decoding=\"async\" width=\"2400\" height=\"1600\" data-id=\"20765\" src=\"https:\/\/euniv.eu\/wp-content\/uploads\/2026\/09\/260718-Graduatio_26-L-041.jpg\" alt=\"\" class=\"wp-image-20765\" srcset=\"https:\/\/euniv.eu\/wp-content\/uploads\/2026\/09\/260718-Graduatio_26-L-041.jpg 2400w, https:\/\/euniv.eu\/wp-content\/uploads\/2026\/09\/260718-Graduatio_26-L-041-300x200.jpg 300w, https:\/\/euniv.eu\/wp-content\/uploads\/2026\/09\/260718-Graduatio_26-L-041-1024x683.jpg 1024w, https:\/\/euniv.eu\/wp-content\/uploads\/2026\/09\/260718-Graduatio_26-L-041-768x512.jpg 768w, https:\/\/euniv.eu\/wp-content\/uploads\/2026\/09\/260718-Graduatio_26-L-041-1536x1024.jpg 1536w, https:\/\/euniv.eu\/wp-content\/uploads\/2026\/09\/260718-Graduatio_26-L-041-2048x1365.jpg 2048w, https:\/\/euniv.eu\/wp-content\/uploads\/2026\/09\/260718-Graduatio_26-L-041-600x400.jpg 600w, https:\/\/euniv.eu\/wp-content\/uploads\/2026\/09\/260718-Graduatio_26-L-041-1200x800.jpg 1200w, https:\/\/euniv.eu\/wp-content\/uploads\/2026\/09\/260718-Graduatio_26-L-041-1400x933.jpg 1400w\" sizes=\"auto, (max-width: 2400px) 100vw, 2400px\" \/><\/figure>\n\n\n\n<figure class=\"wp-block-image\"><img loading=\"lazy\" decoding=\"async\" width=\"2400\" height=\"1600\" data-id=\"20766\" src=\"https:\/\/euniv.eu\/wp-content\/uploads\/2026\/09\/260718-Graduatio_26-L-028.jpg\" alt=\"\" class=\"wp-image-20766\" srcset=\"https:\/\/euniv.eu\/wp-content\/uploads\/2026\/09\/260718-Graduatio_26-L-028.jpg 2400w, https:\/\/euniv.eu\/wp-content\/uploads\/2026\/09\/260718-Graduatio_26-L-028-300x200.jpg 300w, https:\/\/euniv.eu\/wp-content\/uploads\/2026\/09\/260718-Graduatio_26-L-028-1024x683.jpg 1024w, https:\/\/euniv.eu\/wp-content\/uploads\/2026\/09\/260718-Graduatio_26-L-028-768x512.jpg 768w, https:\/\/euniv.eu\/wp-content\/uploads\/2026\/09\/260718-Graduatio_26-L-028-1536x1024.jpg 1536w, https:\/\/euniv.eu\/wp-content\/uploads\/2026\/09\/260718-Graduatio_26-L-028-2048x1365.jpg 2048w, https:\/\/euniv.eu\/wp-content\/uploads\/2026\/09\/260718-Graduatio_26-L-028-600x400.jpg 600w, https:\/\/euniv.eu\/wp-content\/uploads\/2026\/09\/260718-Graduatio_26-L-028-1200x800.jpg 1200w, https:\/\/euniv.eu\/wp-content\/uploads\/2026\/09\/260718-Graduatio_26-L-028-1400x933.jpg 1400w\" sizes=\"auto, (max-width: 2400px) 100vw, 2400px\" \/><\/figure>\n<\/figure>\n\n\n\n<p class=\"wp-block-paragraph\"><\/p>\n","protected":false},"excerpt":{"rendered":"<p>La Universitat Europea (eUniv) celebr\u00f3 ayer por la tarde el Acto de Graduaci\u00f3n de la tercera promoci\u00f3n de la instituci\u00f3n, una ceremonia que reuni\u00f3 a m\u00e1s de 100 alumnos y cerca de 400 asistentes en el Auditori Claror del Centre Cultural i de Congressos Lauredi\u00e0, que registr\u00f3 un lleno absoluto.<\/p>\n","protected":false},"author":2,"featured_media":20759,"comment_status":"closed","ping_status":"open","sticky":false,"template":"","format":"standard","meta":{"_editorskit_title_hidden":false,"_editorskit_reading_time":0,"_editorskit_is_block_options_detached":false,"_editorskit_block_options_position":"{}","inline_featured_image":false,"footnotes":""},"categories":[26],"tags":[],"class_list":["post-20758","post","type-post","status-publish","format-standard","has-post-thumbnail","hentry","category-noticias","with-featured-image"],"featured_image_src":"https:\/\/euniv.eu\/wp-content\/uploads\/2026\/09\/260718-Graduatio_26-L-258-600x400.jpg","featured_image_src_square":"https:\/\/euniv.eu\/wp-content\/uploads\/2026\/09\/260718-Graduatio_26-L-258-600x600.jpg","author_info":{"display_name":"admin_euniv","author_link":"https:\/\/euniv.eu\/es\/author\/admin_euniv\/"},"_links":{"self":[{"href":"https:\/\/euniv.eu\/es\/wp-json\/wp\/v2\/posts\/20758","targetHints":{"allow":["GET"]}}],"collection":[{"href":"https:\/\/euniv.eu\/es\/wp-json\/wp\/v2\/posts"}],"about":[{"href":"https:\/\/euniv.eu\/es\/wp-json\/wp\/v2\/types\/post"}],"author":[{"embeddable":true,"href":"https:\/\/euniv.eu\/es\/wp-json\/wp\/v2\/users\/2"}],"replies":[{"embeddable":true,"href":"https:\/\/euniv.eu\/es\/wp-json\/wp\/v2\/comments?post=20758"}],"version-history":[{"count":2,"href":"https:\/\/euniv.eu\/es\/wp-json\/wp\/v2\/posts\/20758\/revisions"}],"predecessor-version":[{"id":20769,"href":"https:\/\/euniv.eu\/es\/wp-json\/wp\/v2\/posts\/20758\/revisions\/20769"}],"wp:featuredmedia":[{"embeddable":true,"href":"https:\/\/euniv.eu\/es\/wp-json\/wp\/v2\/media\/20759"}],"wp:attachment":[{"href":"https:\/\/euniv.eu\/es\/wp-json\/wp\/v2\/media?parent=20758"}],"wp:term":[{"taxonomy":"category","embeddable":true,"href":"https:\/\/euniv.eu\/es\/wp-json\/wp\/v2\/categories?post=20758"},{"taxonomy":"post_tag","embeddable":true,"href":"https:\/\/euniv.eu\/es\/wp-json\/wp\/v2\/tags?post=20758"}],"curies":[{"name":"wp","href":"https:\/\/api.w.org\/{rel}","templated":true}]}}