{"id":5192,"date":"2022-02-04T14:25:41","date_gmt":"2022-02-04T14:25:41","guid":{"rendered":"https:\/\/euniv.eu\/?p=5192"},"modified":"2022-02-04T14:25:45","modified_gmt":"2022-02-04T14:25:45","slug":"el-comun-de-sant-julia-de-loria-la-euniv-la-uda-y-la-carlomagno-unen-esfuerzos-y-constituyen-la-asociacion-sant-julia-de-loria-campus-universitario-acu-2","status":"publish","type":"post","link":"https:\/\/euniv.eu\/es\/el-comun-de-sant-julia-de-loria-la-euniv-la-uda-y-la-carlomagno-unen-esfuerzos-y-constituyen-la-asociacion-sant-julia-de-loria-campus-universitario-acu-2\/","title":{"rendered":"El Com\u00fan de Sant Juli\u00e0 de L\u00f2ria, la eUniv, la UDA y la Carlomagno unen esfuerzos y constituyen la Asociaci\u00f3n Sant Juli\u00e0 de L\u00f2ria Campus Universitario (ACU)."},"content":{"rendered":"\n<figure class=\"wp-block-image size-large\"><img loading=\"lazy\" decoding=\"async\" width=\"1024\" height=\"683\" src=\"https:\/\/euniv.eu\/wp-content\/uploads\/2022\/02\/IMG_0552-1024x683.jpg\" alt=\"\" class=\"wp-image-5189\" srcset=\"https:\/\/euniv.eu\/wp-content\/uploads\/2022\/02\/IMG_0552-1024x683.jpg 1024w, https:\/\/euniv.eu\/wp-content\/uploads\/2022\/02\/IMG_0552-300x200.jpg 300w, https:\/\/euniv.eu\/wp-content\/uploads\/2022\/02\/IMG_0552-768x512.jpg 768w, https:\/\/euniv.eu\/wp-content\/uploads\/2022\/02\/IMG_0552-1536x1024.jpg 1536w, https:\/\/euniv.eu\/wp-content\/uploads\/2022\/02\/IMG_0552-2048x1365.jpg 2048w, https:\/\/euniv.eu\/wp-content\/uploads\/2022\/02\/IMG_0552-600x400.jpg 600w, https:\/\/euniv.eu\/wp-content\/uploads\/2022\/02\/IMG_0552-1200x800.jpg 1200w, https:\/\/euniv.eu\/wp-content\/uploads\/2022\/02\/IMG_0552-1400x933.jpg 1400w\" sizes=\"auto, (max-width: 1024px) 100vw, 1024px\" \/><figcaption>Asistentes al acto celebrado en la sala de Plenos de la Casa Com\u00fan de Sant Juli\u00e0 de L\u00f2ria<\/figcaption><\/figure>\n\n\n\n<p>El Com\u00fan de San Juli\u00e1n de Loria, la Universidad de Andorra, la Universidad<br>Europea y la Universidad Carlomagno han constituido este jueves al mediod\u00eda<br>la Asociaci\u00f3n Sant Juli\u00e0 de L\u00f2ria Campus Universitario (ACU).<\/p>\n\n\n\n<p><br>Esta asociaci\u00f3n nace gracias a la apuesta por parte de la corporaci\u00f3n, el<br>apoyo del Gobierno a la implicaci\u00f3n de las instituciones universitarias por<br>consolidar Sant Juli\u00e0 de L\u00f2ria como parroquia de referencia en el \u00e1mbito de<br>la formaci\u00f3n superior.<\/p>\n\n\n\n<p><br>Sant Juli\u00e0 de L\u00f2ria es una poblaci\u00f3n con fuerte presencia de instituciones<br>universitarias y de estudios superiores: Ministerio de educaci\u00f3n, Universidad<br>de Andorra, Universidad Europea, Universidad Carlomagno, Instituto de Estudios<br>Andorranos, Centro de formaci\u00f3n profesional, la Escuela de aviaci\u00f3n, etc. Y la<br>presencia de estas instituciones influye de forma importante en la econom\u00eda y<br>la cultura de la parroquia.<\/p>\n\n\n\n<p><br>Con datos de 2020-2021 la formaci\u00f3n universitaria y superior movi\u00f3 un<br>volumen de cerca de los 3.200 alumnos, de los cuales un 58% eran alumnos<br>presenciales y un 42% de alumnos virtuales.<\/p>\n\n\n\n<p><br>Contrariamente a lo que puede parecer, el porcentaje de alumnado virtual es de<br>gran importancia para la parroquia ya que las universidades virtuales, a trav\u00e9s<br>de su cuerpo docente, las juntas acad\u00e9micas, los actos de doctorados, las<br>ponencias y otros eventos relacionados con su funcionamiento<br>acad\u00e9mico, tienen una influencia muy positiva en la econom\u00eda de la parroquia.<br>Por este motivo se ha creado este \u00f3rgano representativo que tiene el apoyo del<br>Ministerio de Educaci\u00f3n y Ense\u00f1anza Superior.<\/p>\n\n\n\n<p><br>Durante el acto, celebrado en Casa Comuna despu\u00e9s de que el pleno del Com\u00fan aprobara<br>por unanimidad la iniciativa en una sesi\u00f3n extraordinaria celebrada este<br>misma ma\u00f1ana a las 10 horas, el c\u00f3nsul mayor y presidente de la ACU, Josep<br>Majoral ha recordado unas palabras pronunciadas en la apertura del curso de<br>la UdA en octubre del a\u00f1o pasado en el que dijo que \u201ccuento con todos ustedes<br>para hacerlo posible\u201d, en referencia a todos los proyectos vinculados al<br>crecimiento de la parroquia de la mano de la educaci\u00f3n.<br>Mayoral ha continuado diciendo que \u201choy uno de ellos [proyecto] es ya una realidad. Y<br>si me permiten, cuento con todos ustedes para posibilitar el resto. Juntos<br>podemos ir superando etapas y escribir una hermosa p\u00e1gina que las generaciones<br>que nos tomar\u00e1n el relevo seguro recordar\u00e1n\u201d.<br>Por su parte, el p\u00e1rroco de la UdA, Miquel Nicolau, ha destacado que<br>\u201cla ense\u00f1anza superior y la investigaci\u00f3n son la mejor apuesta por aportar<br>soluciones a los retos presentes y del futuro y para mejorar la calidad de vida de los<br>ciudadanos\u201d.<br>Tambi\u00e9n ha hablado el rector de la Universidad Europea, Antoni Noguero que ha<br>dicho que \u201cponemos la primera piedra para potenciar el Com\u00fan en el \u00e1mbito<br>universitario, as\u00ed como el cient\u00edfico y el tecnol\u00f3gico. Nos parece una<br>iniciativa ideal para mostrar a los vecinos y vecinos de Sant Juli\u00e0 la potencialidad que<br>tiene por el territorio las actividades que llevaremos a cabo\u201d.<br>En representaci\u00f3n de la Universidad Carlomagno ha intervenido el secretario<br>general, Andreu Bellot que ha puesto en valor que \u201cla colaboraci\u00f3n entre las<br>universidades andorranas contribuir\u00e1 a que Andorra, y en concreto Sant Juli\u00e0<br>de Loria, pueda ser reconocido como un hub de conocimiento que atiende a las<br>nuevas necesidades del entorno alineadas con la sostenibilidad\u201d.<br>UNA IMAGEN CORPORATIVA PROPIA<br>Desde la ACU se apuesta por que Sant Juli\u00e0 de L\u00f2ria se convierta en el paraguas<br>de los conceptos universidad, ciencia y tecnolog\u00eda que tienen una estrecha<br>vinculaci\u00f3n entre ellos y que deben ser el motor de la poblaci\u00f3n a medio\/hogar<br>plazo para impulsar empresas y talento en \u00e1mbitos relacionados con la ciencia y<br>la tecnolog\u00eda.<br>El logotipo est\u00e1 enfocado para transmitir los conceptos de cohesi\u00f3n entre las<br>tres patas: universidad, ciencia y tecnolog\u00eda. Utilizando el color plata en<br>referencia al material noble en contraste con el color negro para dar una<br>lectura cient\u00edfica en esencia y tecnol\u00f3gica en aplicaci\u00f3n.<\/p>\n","protected":false},"excerpt":{"rendered":"<p>El Com\u00fan de San Juli\u00e1n de Loria, la Universidad de Andorra, la UniversidadEuropea y la Universidad Carlomagno han constituido este jueves al mediod\u00edala Asociaci\u00f3n Sant Juli\u00e0 de L\u00f2ria Campus Universitario (ACU). Esta asociaci\u00f3n nace gracias a la apuesta por parte de la corporaci\u00f3n, elapoyo del Gobierno a la implicaci\u00f3n de las instituciones universitarias porconsolidar Sant &hellip;<\/p>\n","protected":false},"author":2,"featured_media":5186,"comment_status":"closed","ping_status":"open","sticky":false,"template":"","format":"standard","meta":{"_editorskit_title_hidden":false,"_editorskit_reading_time":0,"_editorskit_is_block_options_detached":false,"_editorskit_block_options_position":"{}","inline_featured_image":false,"footnotes":""},"categories":[26],"tags":[],"class_list":{"0":"post-5192","1":"post","2":"type-post","3":"status-publish","4":"format-standard","5":"has-post-thumbnail","6":"hentry","7":"category-noticias","9":"with-featured-image"},"featured_image_src":"https:\/\/euniv.eu\/wp-content\/uploads\/2022\/02\/IMG_0555-600x400.jpg","featured_image_src_square":"https:\/\/euniv.eu\/wp-content\/uploads\/2022\/02\/IMG_0555-600x600.jpg","author_info":{"display_name":"admin_euniv","author_link":"https:\/\/euniv.eu\/es\/author\/admin_euniv\/"},"_links":{"self":[{"href":"https:\/\/euniv.eu\/es\/wp-json\/wp\/v2\/posts\/5192","targetHints":{"allow":["GET"]}}],"collection":[{"href":"https:\/\/euniv.eu\/es\/wp-json\/wp\/v2\/posts"}],"about":[{"href":"https:\/\/euniv.eu\/es\/wp-json\/wp\/v2\/types\/post"}],"author":[{"embeddable":true,"href":"https:\/\/euniv.eu\/es\/wp-json\/wp\/v2\/users\/2"}],"replies":[{"embeddable":true,"href":"https:\/\/euniv.eu\/es\/wp-json\/wp\/v2\/comments?post=5192"}],"version-history":[{"count":2,"href":"https:\/\/euniv.eu\/es\/wp-json\/wp\/v2\/posts\/5192\/revisions"}],"predecessor-version":[{"id":5212,"href":"https:\/\/euniv.eu\/es\/wp-json\/wp\/v2\/posts\/5192\/revisions\/5212"}],"wp:featuredmedia":[{"embeddable":true,"href":"https:\/\/euniv.eu\/es\/wp-json\/wp\/v2\/media\/5186"}],"wp:attachment":[{"href":"https:\/\/euniv.eu\/es\/wp-json\/wp\/v2\/media?parent=5192"}],"wp:term":[{"taxonomy":"category","embeddable":true,"href":"https:\/\/euniv.eu\/es\/wp-json\/wp\/v2\/categories?post=5192"},{"taxonomy":"post_tag","embeddable":true,"href":"https:\/\/euniv.eu\/es\/wp-json\/wp\/v2\/tags?post=5192"}],"curies":[{"name":"wp","href":"https:\/\/api.w.org\/{rel}","templated":true}]}}