{"id":5306,"date":"2022-03-05T11:39:09","date_gmt":"2022-03-05T11:39:09","guid":{"rendered":"https:\/\/euniv.eu\/?p=5306"},"modified":"2022-03-06T11:42:03","modified_gmt":"2022-03-06T11:42:03","slug":"se-constituye-el-consejo-de-patrocinadores-de-la-catedra-turo-de-la-seu-vella","status":"publish","type":"post","link":"https:\/\/euniv.eu\/es\/se-constituye-el-consejo-de-patrocinadores-de-la-catedra-turo-de-la-seu-vella\/","title":{"rendered":"Se constituye el Consejo de Patrocinadores de la C\u00e1tedra Tur\u00f3 de la Seu Vella"},"content":{"rendered":"\n<figure class=\"wp-block-image size-large\"><img loading=\"lazy\" decoding=\"async\" width=\"1024\" height=\"678\" src=\"https:\/\/euniv.eu\/wp-content\/uploads\/2022\/03\/Captura-de-pantalla-2022-03-03-224346-1024x678.png\" alt=\"\" class=\"wp-image-5303\" srcset=\"https:\/\/euniv.eu\/wp-content\/uploads\/2022\/03\/Captura-de-pantalla-2022-03-03-224346-1024x678.png 1024w, https:\/\/euniv.eu\/wp-content\/uploads\/2022\/03\/Captura-de-pantalla-2022-03-03-224346-300x199.png 300w, https:\/\/euniv.eu\/wp-content\/uploads\/2022\/03\/Captura-de-pantalla-2022-03-03-224346-768x509.png 768w, https:\/\/euniv.eu\/wp-content\/uploads\/2022\/03\/Captura-de-pantalla-2022-03-03-224346.png 1190w\" sizes=\"auto, (max-width: 1024px) 100vw, 1024px\" \/><\/figure>\n\n\n\n<p>Este jueves d\u00eda 3 de marzo se ha constituido el Consejo de Patrocinadores de la C\u00e1tedra Tur\u00f3 de la Seu Vella, del que forma parte la eUniv en calidad de fundadora de la c\u00e1tedra. El acto ha tenido lugar en la Sala Victor Siurana del Rectorado de la Universidad de Lleida, presidido por el Dr. Joan J. Busqueta, Vicerrector de la UdL, y la directora de la c\u00e1tedra, la profesora Eva Mart\u00edn, ha hecho la presentaci\u00f3n de \u00ab<a href=\"https:\/\/www.catedraseuvella.org\/presentacio\/\" target=\"_blank\" aria-label=\"la web de la c\u00e1tedra (opens in a new tab)\" rel=\"noreferrer noopener\" class=\"ek-link\">la web de la c\u00e1tedra<\/a>\u00ab, exponiendo los objetivos y el plan de actividades programado.<\/p>\n\n\n\n<p>La eUniv se encargar\u00e1 de presentar las propuestas de actuaci\u00f3n vinculadas al Principado de Andorra, en atenci\u00f3n de su especial v\u00ednculo hist\u00f3rico con el Tur\u00f3 de la Seu, donde fueron firmados los parajes del siglo XIII que fundamentaron la independencia del pa\u00eds.<\/p>\n","protected":false},"excerpt":{"rendered":"<p>Este jueves d\u00eda 3 de marzo se ha constituido el Consejo de de Patrocinadores de la C\u00e1tedra Tur\u00f3 de la Seu Vella, del que forma parte la eUniv en calidad de fundadora de la c\u00e1tedra.<\/p>\n","protected":false},"author":2,"featured_media":5303,"comment_status":"open","ping_status":"open","sticky":false,"template":"","format":"standard","meta":{"_editorskit_title_hidden":false,"_editorskit_reading_time":1,"_editorskit_is_block_options_detached":false,"_editorskit_block_options_position":"{}","inline_featured_image":false,"footnotes":""},"categories":[26],"tags":[],"class_list":{"0":"post-5306","1":"post","2":"type-post","3":"status-publish","4":"format-standard","5":"has-post-thumbnail","6":"hentry","7":"category-noticias","9":"with-featured-image"},"featured_image_src":"https:\/\/euniv.eu\/wp-content\/uploads\/2022\/03\/Captura-de-pantalla-2022-03-03-224346-600x400.png","featured_image_src_square":"https:\/\/euniv.eu\/wp-content\/uploads\/2022\/03\/Captura-de-pantalla-2022-03-03-224346-600x600.png","author_info":{"display_name":"admin_euniv","author_link":"https:\/\/euniv.eu\/es\/author\/admin_euniv\/"},"_links":{"self":[{"href":"https:\/\/euniv.eu\/es\/wp-json\/wp\/v2\/posts\/5306","targetHints":{"allow":["GET"]}}],"collection":[{"href":"https:\/\/euniv.eu\/es\/wp-json\/wp\/v2\/posts"}],"about":[{"href":"https:\/\/euniv.eu\/es\/wp-json\/wp\/v2\/types\/post"}],"author":[{"embeddable":true,"href":"https:\/\/euniv.eu\/es\/wp-json\/wp\/v2\/users\/2"}],"replies":[{"embeddable":true,"href":"https:\/\/euniv.eu\/es\/wp-json\/wp\/v2\/comments?post=5306"}],"version-history":[{"count":4,"href":"https:\/\/euniv.eu\/es\/wp-json\/wp\/v2\/posts\/5306\/revisions"}],"predecessor-version":[{"id":5316,"href":"https:\/\/euniv.eu\/es\/wp-json\/wp\/v2\/posts\/5306\/revisions\/5316"}],"wp:featuredmedia":[{"embeddable":true,"href":"https:\/\/euniv.eu\/es\/wp-json\/wp\/v2\/media\/5303"}],"wp:attachment":[{"href":"https:\/\/euniv.eu\/es\/wp-json\/wp\/v2\/media?parent=5306"}],"wp:term":[{"taxonomy":"category","embeddable":true,"href":"https:\/\/euniv.eu\/es\/wp-json\/wp\/v2\/categories?post=5306"},{"taxonomy":"post_tag","embeddable":true,"href":"https:\/\/euniv.eu\/es\/wp-json\/wp\/v2\/tags?post=5306"}],"curies":[{"name":"wp","href":"https:\/\/api.w.org\/{rel}","templated":true}]}}