{"id":5325,"date":"2022-03-02T06:19:00","date_gmt":"2022-03-02T06:19:00","guid":{"rendered":"https:\/\/euniv.eu\/?p=5325"},"modified":"2022-03-08T06:20:10","modified_gmt":"2022-03-08T06:20:10","slug":"celebracion-de-la-sesion-ordinaria-del-senado-academico","status":"publish","type":"post","link":"https:\/\/euniv.eu\/es\/celebracion-de-la-sesion-ordinaria-del-senado-academico\/","title":{"rendered":"Celebraci\u00f3n de la sesi\u00f3n ordinaria del Senado Acad\u00e9mico"},"content":{"rendered":"\n<figure class=\"wp-block-image size-full is-resized\"><img loading=\"lazy\" decoding=\"async\" src=\"https:\/\/euniv.eu\/wp-content\/uploads\/2022\/03\/d3766c3f-6d8a-4015-87c6-c6729a15baf4.jpg\" alt=\"\" class=\"wp-image-5322\" width=\"506\" height=\"379\" srcset=\"https:\/\/euniv.eu\/wp-content\/uploads\/2022\/03\/d3766c3f-6d8a-4015-87c6-c6729a15baf4.jpg 1024w, https:\/\/euniv.eu\/wp-content\/uploads\/2022\/03\/d3766c3f-6d8a-4015-87c6-c6729a15baf4-300x225.jpg 300w, https:\/\/euniv.eu\/wp-content\/uploads\/2022\/03\/d3766c3f-6d8a-4015-87c6-c6729a15baf4-768x576.jpg 768w\" sizes=\"auto, (max-width: 506px) 100vw, 506px\" \/><\/figure>\n\n\n\n<p>El viernes d\u00eda 25 de febrero de 2022 tuvo lugar la sesi\u00f3n ordinaria del m\u00e1ximo \u00f3rgano consultivo de la Universidad, el Senado Acad\u00e9mico. En la sesi\u00f3n se procedi\u00f3 a formalizar la incorporaci\u00f3n de las personas que presiden las tres fundaciones asociadas a la eUniv, as\u00ed como la renovaci\u00f3n de los cargos. El Dr. Jes\u00fas M. Pruj\u00e0, hasta ahora Vicecanciller, pasa a ser el nuevo Canciller y presidente del Senado Acad\u00e9mico, y Mn. Josep Chisvert le sustituye en el cargo de Vicecanceller.<\/p>\n\n\n\n<p>El Senado tambi\u00e9n estudi\u00f3 la posibilidad de solicitar la creaci\u00f3n de nuevos t\u00edtulos universitarios estatales en los \u00e1mbitos de las lenguas cl\u00e1sicas y de la teolog\u00eda, as\u00ed como el proyecto de adscripci\u00f3n de un centro dedicado a las ense\u00f1anzas tecnol\u00f3gicas.<\/p>\n","protected":false},"excerpt":{"rendered":"<p>El viernes d\u00eda 25 de febrero de 2022 tuvo lugar la sesi\u00f3n ordinaria del m\u00e1ximo \u00f3rgano consultivo de la Universidad, el Senado Acad\u00e9mico. <\/p>\n","protected":false},"author":2,"featured_media":5322,"comment_status":"open","ping_status":"open","sticky":false,"template":"","format":"standard","meta":{"_editorskit_title_hidden":false,"_editorskit_reading_time":1,"_editorskit_is_block_options_detached":false,"_editorskit_block_options_position":"{}","inline_featured_image":false,"footnotes":""},"categories":[26],"tags":[],"class_list":{"0":"post-5325","1":"post","2":"type-post","3":"status-publish","4":"format-standard","5":"has-post-thumbnail","6":"hentry","7":"category-noticias","9":"with-featured-image"},"featured_image_src":"https:\/\/euniv.eu\/wp-content\/uploads\/2022\/03\/d3766c3f-6d8a-4015-87c6-c6729a15baf4-600x400.jpg","featured_image_src_square":"https:\/\/euniv.eu\/wp-content\/uploads\/2022\/03\/d3766c3f-6d8a-4015-87c6-c6729a15baf4-600x600.jpg","author_info":{"display_name":"admin_euniv","author_link":"https:\/\/euniv.eu\/es\/author\/admin_euniv\/"},"_links":{"self":[{"href":"https:\/\/euniv.eu\/es\/wp-json\/wp\/v2\/posts\/5325","targetHints":{"allow":["GET"]}}],"collection":[{"href":"https:\/\/euniv.eu\/es\/wp-json\/wp\/v2\/posts"}],"about":[{"href":"https:\/\/euniv.eu\/es\/wp-json\/wp\/v2\/types\/post"}],"author":[{"embeddable":true,"href":"https:\/\/euniv.eu\/es\/wp-json\/wp\/v2\/users\/2"}],"replies":[{"embeddable":true,"href":"https:\/\/euniv.eu\/es\/wp-json\/wp\/v2\/comments?post=5325"}],"version-history":[{"count":1,"href":"https:\/\/euniv.eu\/es\/wp-json\/wp\/v2\/posts\/5325\/revisions"}],"predecessor-version":[{"id":5326,"href":"https:\/\/euniv.eu\/es\/wp-json\/wp\/v2\/posts\/5325\/revisions\/5326"}],"wp:featuredmedia":[{"embeddable":true,"href":"https:\/\/euniv.eu\/es\/wp-json\/wp\/v2\/media\/5322"}],"wp:attachment":[{"href":"https:\/\/euniv.eu\/es\/wp-json\/wp\/v2\/media?parent=5325"}],"wp:term":[{"taxonomy":"category","embeddable":true,"href":"https:\/\/euniv.eu\/es\/wp-json\/wp\/v2\/categories?post=5325"},{"taxonomy":"post_tag","embeddable":true,"href":"https:\/\/euniv.eu\/es\/wp-json\/wp\/v2\/tags?post=5325"}],"curies":[{"name":"wp","href":"https:\/\/api.w.org\/{rel}","templated":true}]}}