{"id":6336,"date":"2022-09-10T12:59:17","date_gmt":"2022-09-10T12:59:17","guid":{"rendered":"https:\/\/euniv.eu\/?p=6336"},"modified":"2022-09-10T13:00:00","modified_gmt":"2022-09-10T13:00:00","slug":"constituido-el-centro-de-estudios-medioambientales-de-la-euniv","status":"publish","type":"post","link":"https:\/\/euniv.eu\/es\/constituido-el-centro-de-estudios-medioambientales-de-la-euniv\/","title":{"rendered":"Constituido el Centro de Estudios Medioambientales de la eUniv"},"content":{"rendered":"\n<p>La <a href=\"https:\/\/euniv.eu\/es\/universidad\/organizacion\/\" target=\"_blank\" aria-label=\"Junta Acad\u00e9mica (opens in a new tab)\" rel=\"noreferrer noopener\" class=\"ek-link\">Junta Acad\u00e9mica<\/a> de la Universidad acord\u00f3 en su sesi\u00f3n ordinaria de septiembre, a instancias de la Direcci\u00f3n de la Escuela de Doctorado, la constituci\u00f3n del Centro de Estudios Medioambientales (CEM) de la eUniv.<\/p>\n\n\n\n<p>El CEM se constituye formalmente como \u00f3rgano acad\u00e9mico dependiente de la Escuela de Doctorado y encargado de organizar las l\u00edneas de investigaci\u00f3n doctoral especializadas en el \u00e1mbito medioambiental, as\u00ed como de la convocatoria de actividades acad\u00e9micas de dinamizaci\u00f3n cient\u00edfica.<\/p>\n\n\n\n<p>En su fase preparatoria, el CEM ya hab\u00eda comenzado sus actividades cient\u00edficas preparando la l\u00ednea de investigaci\u00f3n doctoral sobre la gesti\u00f3n de los residuos en Europa, y tambi\u00e9n convocando jornadas de debate, como la realizada sobre la gesti\u00f3n de los residuos COVID (septiembre de 2021) o sobre la Econom\u00eda Circular (pr\u00f3ximo octubre 2022), \u00e9sta en colaboraci\u00f3n con la <a href=\"https:\/\/www.esrp.net\/\" target=\"_blank\" aria-label=\"Escuela de Relaciones P\u00fablicas de la Universidad de Barcelona (ESRP) (opens in a new tab)\" rel=\"noreferrer noopener\" class=\"ek-link\">Escuela de Relaciones P\u00fablicas de la Universidad de Barcelona (ESRP)<\/a>.<\/p>\n\n\n\n<p>La Junta Acad\u00e9mica aprob\u00f3 tambi\u00e9n la propuesta de nombramiento de la Dra. Conxa Puebla como directora del CEM, y la de la doctoranda Maria A. Tarr\u00e9s como secretaria.<\/p>\n","protected":false},"excerpt":{"rendered":"<p>La Junta Acad\u00e9mica de la Universidad acord\u00f3 en su sesi\u00f3n ordinaria de septiembre, a instancias de la Direcci\u00f3n de la Escuela de Doctorado, la constituci\u00f3n del Centro de Estudios Medioambientales (CEM) de la eUniv.<\/p>\n","protected":false},"author":2,"featured_media":6308,"comment_status":"open","ping_status":"open","sticky":false,"template":"","format":"standard","meta":{"_editorskit_title_hidden":false,"_editorskit_reading_time":1,"_editorskit_is_block_options_detached":false,"_editorskit_block_options_position":"{}","inline_featured_image":false,"footnotes":""},"categories":[26],"tags":[],"class_list":{"0":"post-6336","1":"post","2":"type-post","3":"status-publish","4":"format-standard","5":"has-post-thumbnail","6":"hentry","7":"category-noticias","9":"with-featured-image"},"featured_image_src":"https:\/\/euniv.eu\/wp-content\/uploads\/2022\/09\/OIP-343x400.jpg","featured_image_src_square":"https:\/\/euniv.eu\/wp-content\/uploads\/2022\/09\/OIP.jpg","author_info":{"display_name":"admin_euniv","author_link":"https:\/\/euniv.eu\/es\/author\/admin_euniv\/"},"_links":{"self":[{"href":"https:\/\/euniv.eu\/es\/wp-json\/wp\/v2\/posts\/6336","targetHints":{"allow":["GET"]}}],"collection":[{"href":"https:\/\/euniv.eu\/es\/wp-json\/wp\/v2\/posts"}],"about":[{"href":"https:\/\/euniv.eu\/es\/wp-json\/wp\/v2\/types\/post"}],"author":[{"embeddable":true,"href":"https:\/\/euniv.eu\/es\/wp-json\/wp\/v2\/users\/2"}],"replies":[{"embeddable":true,"href":"https:\/\/euniv.eu\/es\/wp-json\/wp\/v2\/comments?post=6336"}],"version-history":[{"count":2,"href":"https:\/\/euniv.eu\/es\/wp-json\/wp\/v2\/posts\/6336\/revisions"}],"predecessor-version":[{"id":6338,"href":"https:\/\/euniv.eu\/es\/wp-json\/wp\/v2\/posts\/6336\/revisions\/6338"}],"wp:featuredmedia":[{"embeddable":true,"href":"https:\/\/euniv.eu\/es\/wp-json\/wp\/v2\/media\/6308"}],"wp:attachment":[{"href":"https:\/\/euniv.eu\/es\/wp-json\/wp\/v2\/media?parent=6336"}],"wp:term":[{"taxonomy":"category","embeddable":true,"href":"https:\/\/euniv.eu\/es\/wp-json\/wp\/v2\/categories?post=6336"},{"taxonomy":"post_tag","embeddable":true,"href":"https:\/\/euniv.eu\/es\/wp-json\/wp\/v2\/tags?post=6336"}],"curies":[{"name":"wp","href":"https:\/\/api.w.org\/{rel}","templated":true}]}}