{"id":7619,"date":"2023-01-02T15:44:10","date_gmt":"2023-01-02T15:44:10","guid":{"rendered":"https:\/\/euniv.eu\/?p=7619"},"modified":"2023-01-02T15:55:46","modified_gmt":"2023-01-02T15:55:46","slug":"presentat-el-pla-destudis-del-batxelor-en-ciencia-politica","status":"publish","type":"post","link":"https:\/\/euniv.eu\/es\/presentat-el-pla-destudis-del-batxelor-en-ciencia-politica\/","title":{"rendered":"Presentado el Plan de Estudios del Bachelor en Ciencia Pol\u00edtica"},"content":{"rendered":"\n<p>La eUniv ha presentado ante la <a href=\"https:\/\/www.aqua.ad\/es\" target=\"_blank\" aria-label=\"Agencia de Calidad de Andorra (AQUA) (opens in a new tab)\" rel=\"noreferrer noopener\" class=\"ek-link\">Agencia de Calidad de Andorra (AQUA)<\/a> la memoria del plan de estudios del <strong>Bachelor en Ciencia Pol\u00edtica<\/strong>. Este t\u00edtulo fue creado por el Decreto 300\/2022, de 13 de julio de 2022, del Gobierno de Andorra, a instancias de la Universidad Carlomagno.<\/p>\n\n\n\n<p><strong>La aprobaci\u00f3n de este plan de estudios significar\u00e1 la implantaci\u00f3n del octavo t\u00edtulo de Bachelor<\/strong> en el <a href=\"https:\/\/euniv.eu\/es\/organizacion-euniv\/centros-euniv\/colegio-universitario-f-layret\/\" target=\"_blank\" aria-label=\"Colegio Universitario F. Layret (opens in a new tab)\" rel=\"noreferrer noopener\" class=\"ek-link\">Colegio Universitario F. Layret<\/a> de la eUniv, y su puesta en marcha est\u00e1 prevista para el pr\u00f3ximo curso acad\u00e9mico 2023-24.<\/p>\n\n\n\n<p>Siguiendo el modelo acad\u00e9mico de la eUniv, el futuro Bachelor tendr\u00e1 una estructura de cinco unidades de ense\u00f1anza para cada uno de los tres cursos del programa. Inicialmente, la coordinaci\u00f3n acad\u00e9mica del t\u00edtulo la asumir\u00e1 el Dr. Marc Gz.-Bachmann, profesor de la Facultad de Derecho y Ciencias Sociales.<\/p>\n\n\n\n<figure class=\"wp-block-image size-large\"><img loading=\"lazy\" decoding=\"async\" width=\"1024\" height=\"683\" src=\"https:\/\/euniv.eu\/wp-content\/uploads\/2023\/01\/CJ_0150_1_1-1024x683.jpg\" alt=\"\" class=\"wp-image-7620\" srcset=\"https:\/\/euniv.eu\/wp-content\/uploads\/2023\/01\/CJ_0150_1_1-1024x683.jpg 1024w, https:\/\/euniv.eu\/wp-content\/uploads\/2023\/01\/CJ_0150_1_1-300x200.jpg 300w, https:\/\/euniv.eu\/wp-content\/uploads\/2023\/01\/CJ_0150_1_1-768x512.jpg 768w, https:\/\/euniv.eu\/wp-content\/uploads\/2023\/01\/CJ_0150_1_1-600x400.jpg 600w, https:\/\/euniv.eu\/wp-content\/uploads\/2023\/01\/CJ_0150_1_1-1200x800.jpg 1200w, https:\/\/euniv.eu\/wp-content\/uploads\/2023\/01\/CJ_0150_1_1-1400x933.jpg 1400w, https:\/\/euniv.eu\/wp-content\/uploads\/2023\/01\/CJ_0150_1_1.jpg 1536w\" sizes=\"auto, (max-width: 1024px) 100vw, 1024px\" \/><\/figure>\n\n\n\n<p><\/p>\n","protected":false},"excerpt":{"rendered":"<p>La aprobaci\u00f3n de este plan de estudios significar\u00e1 la implantaci\u00f3n del octavo t\u00edtulo de Bachelor en el Colegio Universitario F. Layret de la eUniv, y su puesta en marcha est\u00e1 prevista para el pr\u00f3ximo curso acad\u00e9mico 2023-24<\/p>\n","protected":false},"author":2,"featured_media":7620,"comment_status":"closed","ping_status":"open","sticky":false,"template":"","format":"standard","meta":{"_editorskit_title_hidden":false,"_editorskit_reading_time":1,"_editorskit_is_block_options_detached":false,"_editorskit_block_options_position":"{}","inline_featured_image":false,"footnotes":""},"categories":[26],"tags":[],"class_list":{"0":"post-7619","1":"post","2":"type-post","3":"status-publish","4":"format-standard","5":"has-post-thumbnail","6":"hentry","7":"category-noticias","9":"with-featured-image"},"featured_image_src":"https:\/\/euniv.eu\/wp-content\/uploads\/2023\/01\/CJ_0150_1_1-600x400.jpg","featured_image_src_square":"https:\/\/euniv.eu\/wp-content\/uploads\/2023\/01\/CJ_0150_1_1-600x600.jpg","author_info":{"display_name":"admin_euniv","author_link":"https:\/\/euniv.eu\/es\/author\/admin_euniv\/"},"_links":{"self":[{"href":"https:\/\/euniv.eu\/es\/wp-json\/wp\/v2\/posts\/7619","targetHints":{"allow":["GET"]}}],"collection":[{"href":"https:\/\/euniv.eu\/es\/wp-json\/wp\/v2\/posts"}],"about":[{"href":"https:\/\/euniv.eu\/es\/wp-json\/wp\/v2\/types\/post"}],"author":[{"embeddable":true,"href":"https:\/\/euniv.eu\/es\/wp-json\/wp\/v2\/users\/2"}],"replies":[{"embeddable":true,"href":"https:\/\/euniv.eu\/es\/wp-json\/wp\/v2\/comments?post=7619"}],"version-history":[{"count":3,"href":"https:\/\/euniv.eu\/es\/wp-json\/wp\/v2\/posts\/7619\/revisions"}],"predecessor-version":[{"id":7638,"href":"https:\/\/euniv.eu\/es\/wp-json\/wp\/v2\/posts\/7619\/revisions\/7638"}],"wp:featuredmedia":[{"embeddable":true,"href":"https:\/\/euniv.eu\/es\/wp-json\/wp\/v2\/media\/7620"}],"wp:attachment":[{"href":"https:\/\/euniv.eu\/es\/wp-json\/wp\/v2\/media?parent=7619"}],"wp:term":[{"taxonomy":"category","embeddable":true,"href":"https:\/\/euniv.eu\/es\/wp-json\/wp\/v2\/categories?post=7619"},{"taxonomy":"post_tag","embeddable":true,"href":"https:\/\/euniv.eu\/es\/wp-json\/wp\/v2\/tags?post=7619"}],"curies":[{"name":"wp","href":"https:\/\/api.w.org\/{rel}","templated":true}]}}