{"id":8005,"date":"2023-03-31T08:21:10","date_gmt":"2023-03-31T08:21:10","guid":{"rendered":"https:\/\/euniv.eu\/?p=8005"},"modified":"2023-03-31T08:21:21","modified_gmt":"2023-03-31T08:21:21","slug":"en-marcha-el-nuevo-master-en-criminologia","status":"publish","type":"post","link":"https:\/\/euniv.eu\/es\/en-marcha-el-nuevo-master-en-criminologia\/","title":{"rendered":"En marcha el nuevo M\u00e1ster en Criminolog\u00eda"},"content":{"rendered":"\n<p>El pasado mi\u00e9rcoles d\u00eda 1 de marzo de 2023, el <a href=\"https:\/\/www.govern.ad\/\" target=\"_blank\" aria-label=\"Gobierno de Andorra (opens in a new tab)\" rel=\"noreferrer noopener\" class=\"ek-link\"><strong>Gobierno de Andorra<\/strong><\/a> aprob\u00f3, a solicitud de la <a href=\"https:\/\/euniv.eu\/es\/\" target=\"_blank\" aria-label=\"eUniv (opens in a new tab)\" rel=\"noreferrer noopener\" class=\"ek-link\"><strong>eUniv<\/strong><\/a>, el decreto de creaci\u00f3n del t\u00edtulo universitario estatal de <strong>M\u00e1ster en Criminolog\u00eda<\/strong> (publicado en el BOPA el 8-III-2023). De acuerdo con el decreto promulgado, la ense\u00f1anza tendr\u00e1 una duraci\u00f3n de <strong>2 cursos acad\u00e9micos<\/strong> (4 semestres) y una carga de <strong>120 cr\u00e9ditos<\/strong> europeos. Para acceder ser\u00e1 necesario estar en posesi\u00f3n de un t\u00edtulo universitario de bachelor o equivalente, de los \u00e1mbitos de la criminolog\u00eda, derecho, psicolog\u00eda, sociolog\u00eda, antropolog\u00eda, trabajo social, educaci\u00f3n, educaci\u00f3n social, periodismo, empresa, medicina, enfermer\u00eda u otros que puedan estar relacionados con los contenidos y salidas profesionales del m\u00e1ster.<\/p>\n\n\n\n<p><br>La <a href=\"https:\/\/euniv.eu\/es\/universidad\/organizacion\/\" target=\"_blank\" aria-label=\"Junta Acad\u00e9mica (opens in a new tab)\" rel=\"noreferrer noopener\" class=\"ek-link\">Junta Acad\u00e9mica<\/a> de la eUniv aprob\u00f3 en su sesi\u00f3n ordinaria del d\u00eda 21 de marzo de 2023, la presentaci\u00f3n a la <a href=\"https:\/\/www.aqua.ad\/es\" target=\"_blank\" aria-label=\"AQUA  (opens in a new tab)\" rel=\"noreferrer noopener\" class=\"ek-link\">AQUA <\/a>de la memoria de plan de estudios de este m\u00e1ster, que ser\u00e1 coordinado por el <strong>Dr. Llu\u00eds Jim\u00e9nez<\/strong>, profesor de derecho penal de la <strong><a href=\"https:\/\/euniv.eu\/es\/organizacion-euniv\/facultades-euniv\/ciencias-juridicas-politicas\/\" target=\"_blank\" aria-label=\"Facultad de Derecho y Ciencias Sociales de la eUniv (opens in a new tab)\" rel=\"noreferrer noopener\" class=\"ek-link\">Facultad de Derecho y Ciencias Sociales de la eUniv<\/a><\/strong>, y de acreditada experiencia profesional y acad\u00e9mica en el mundo de la criminolog\u00eda, quien conf\u00eda en poder iniciar la implantaci\u00f3n durante el pr\u00f3ximo curso acad\u00e9mico 2023-24.<\/p>\n","protected":false},"excerpt":{"rendered":"<p>El pasado mi\u00e9rcoles d\u00eda 1 de marzo de 2023, el Gobierno de Andorra aprob\u00f3, a solicitud de la eUniv, el decreto de creaci\u00f3n del t\u00edtulo universitario estatal de M\u00e1ster en Criminolog\u00eda<\/p>\n","protected":false},"author":2,"featured_media":8002,"comment_status":"closed","ping_status":"open","sticky":false,"template":"","format":"standard","meta":{"_editorskit_title_hidden":false,"_editorskit_reading_time":1,"_editorskit_is_block_options_detached":false,"_editorskit_block_options_position":"{}","inline_featured_image":false,"footnotes":""},"categories":[26],"tags":[],"class_list":{"0":"post-8005","1":"post","2":"type-post","3":"status-publish","4":"format-standard","5":"has-post-thumbnail","6":"hentry","7":"category-noticias","9":"with-featured-image"},"featured_image_src":"https:\/\/euniv.eu\/wp-content\/uploads\/2023\/03\/Captura-de-pantalla-2023-03-31-100254-552x400.png","featured_image_src_square":"https:\/\/euniv.eu\/wp-content\/uploads\/2023\/03\/Captura-de-pantalla-2023-03-31-100254-552x600.png","author_info":{"display_name":"admin_euniv","author_link":"https:\/\/euniv.eu\/es\/author\/admin_euniv\/"},"_links":{"self":[{"href":"https:\/\/euniv.eu\/es\/wp-json\/wp\/v2\/posts\/8005","targetHints":{"allow":["GET"]}}],"collection":[{"href":"https:\/\/euniv.eu\/es\/wp-json\/wp\/v2\/posts"}],"about":[{"href":"https:\/\/euniv.eu\/es\/wp-json\/wp\/v2\/types\/post"}],"author":[{"embeddable":true,"href":"https:\/\/euniv.eu\/es\/wp-json\/wp\/v2\/users\/2"}],"replies":[{"embeddable":true,"href":"https:\/\/euniv.eu\/es\/wp-json\/wp\/v2\/comments?post=8005"}],"version-history":[{"count":1,"href":"https:\/\/euniv.eu\/es\/wp-json\/wp\/v2\/posts\/8005\/revisions"}],"predecessor-version":[{"id":8006,"href":"https:\/\/euniv.eu\/es\/wp-json\/wp\/v2\/posts\/8005\/revisions\/8006"}],"wp:featuredmedia":[{"embeddable":true,"href":"https:\/\/euniv.eu\/es\/wp-json\/wp\/v2\/media\/8002"}],"wp:attachment":[{"href":"https:\/\/euniv.eu\/es\/wp-json\/wp\/v2\/media?parent=8005"}],"wp:term":[{"taxonomy":"category","embeddable":true,"href":"https:\/\/euniv.eu\/es\/wp-json\/wp\/v2\/categories?post=8005"},{"taxonomy":"post_tag","embeddable":true,"href":"https:\/\/euniv.eu\/es\/wp-json\/wp\/v2\/tags?post=8005"}],"curies":[{"name":"wp","href":"https:\/\/api.w.org\/{rel}","templated":true}]}}